{"id":2299,"date":"2020-02-16T22:52:00","date_gmt":"2020-02-16T21:52:00","guid":{"rendered":"https:\/\/agora.xtec.cat\/ceiptorresjonama\/?p=2299"},"modified":"2020-02-16T23:05:27","modified_gmt":"2020-02-16T22:05:27","slug":"ens-expliques-un-conte-2","status":"publish","type":"post","link":"https:\/\/agora.xtec.cat\/ceiptorresjonama\/activitats-biblioteca-escola\/ens-expliques-un-conte-2\/","title":{"rendered":"Ens expliques un conte?"},"content":{"rendered":"<p>Aquest mes de gener la Isabel a Educaci\u00f3 Infantil ens ha explicat aquests contes:<\/p>\n<p><a href=\"https:\/\/agora.xtec.cat\/ceiptorresjonama\/wp-content\/uploads\/usu279\/2020\/02\/lladre-gallines.jpg\"><img loading=\"lazy\" decoding=\"async\" class=\"size-medium wp-image-2300 alignleft\" src=\"https:\/\/agora.xtec.cat\/ceiptorresjonama\/wp-content\/uploads\/usu279\/2020\/02\/lladre-gallines-300x185.jpg\" alt=\"\" width=\"300\" height=\"185\" srcset=\"https:\/\/agora.xtec.cat\/ceiptorresjonama\/wp-content\/uploads\/usu279\/2020\/02\/lladre-gallines-300x185.jpg 300w, https:\/\/agora.xtec.cat\/ceiptorresjonama\/wp-content\/uploads\/usu279\/2020\/02\/lladre-gallines.jpg 420w\" sizes=\"auto, (max-width: 300px) 100vw, 300px\" \/><\/a><\/p>\n<p>&nbsp;<\/p>\n<p><strong><span style=\"color: #808000\">Sinopsi<\/span><\/strong>: Fant\u00e0stica hist\u00f2ria gr\u00e0fica que atrapa des de la primera p\u00e0gina. El gall, l\u2019os, el conill i les gallines viuen pl\u00e0cidament en una granja fins que un dia una guineu apareix de sobte i rapta una de les gallines. Quan els amics se n\u2019adonen, intenten rescatar-la abans no es converteixi en l\u2019\u00e0pat de la guineu i durant tres llargs dies i tres llargues nits\u00a0 seguiran el seu rastre a trav\u00e9s del bosc, el mar, les muntanyes, el desert&#8230; Qu\u00e8 li passar\u00e0 a la gallina? Acabar\u00e0 a la panxa de la guineu? Aconseguiran els seus amics rescatar-la? S\u2019escapar\u00e0 i tornar\u00e0 a casa? El final \u00e9s sorprenent i deixarem que el descobriu vosaltres mateixos.La hist\u00f2ria, plena de detalls, pot tenir diferents nivells de lectura. Els m\u00e9s petits hi veuran una bonica hist\u00f2ria d\u2019amistat per\u00f2 els m\u00e9s grans podran anar m\u00e9s enll\u00e0 i interpretar la hist\u00f2ria de m\u00faltiples maneres. El que s\u00ed que queda clar \u00e9s que les aparences a vegades enganyen, que hem de deslliurar-nos dels prejudicis i que l\u2019amor no t\u00e9 l\u00edmits de cap mena.Les il\u00b7lustracions ocupen sempre dues p\u00e0gines, s\u00f3n delicioses, plenes d\u2019humor, ironia i saviesa. Les expressions dels personatges molt eloq\u00fcents. Un cop acabeu la primera lectura torneu a comen\u00e7ar i de ben segur que descobrireu moltes coses que us havien passat desapercebudes<\/p>\n<p><a href=\"https:\/\/agora.xtec.cat\/ceiptorresjonama\/wp-content\/uploads\/usu279\/2020\/02\/revenjagall.jpg\"><img loading=\"lazy\" decoding=\"async\" class=\"size-medium wp-image-2301 alignleft\" src=\"https:\/\/agora.xtec.cat\/ceiptorresjonama\/wp-content\/uploads\/usu279\/2020\/02\/revenjagall-300x186.jpg\" alt=\"\" width=\"300\" height=\"186\" srcset=\"https:\/\/agora.xtec.cat\/ceiptorresjonama\/wp-content\/uploads\/usu279\/2020\/02\/revenjagall-300x186.jpg 300w, https:\/\/agora.xtec.cat\/ceiptorresjonama\/wp-content\/uploads\/usu279\/2020\/02\/revenjagall.jpg 420w\" sizes=\"auto, (max-width: 300px) 100vw, 300px\" \/><\/a><strong><span style=\"color: #0000ff\">Sinopsi:<\/span><\/strong> El Lladre de gallines va resultar ser una guineu enamorada i el gall, desconsolat, ha d&#8217;abandonar l&#8217;illa. Per\u00f2 el retorn a casa dels tres amics no estar\u00e0 exempt de perills, ni de sorpreses&#8230; Un \u00e0lbum sense paraules, un final inesperat, una hist\u00f2ria per \u00abllegir\u00bb abans de saber llegir.<\/p>\n","protected":false},"excerpt":{"rendered":"<p>Aquest mes de gener la Isabel a Educaci\u00f3 Infantil ens ha explicat aquests contes:<br \/>\n<a href=\"https:\/\/agora.xtec.cat\/ceiptorresjonama\/wp-content\/uploads\/usu279\/2020\/02\/lladre-gallines.jpg\"><\/a><br \/>\n&nbsp;<br \/>\nSinopsi: Fant\u00e0stica hist\u00f2ria gr\u00e0fica que atrapa des de la primera p\u00e0gina. El gall, l\u2019os, el conill i les gallines viuen pl\u00e0cidament en una granja fins que un dia una guineu apareix&hellip;  <a href=\"https:\/\/agora.xtec.cat\/ceiptorresjonama\/activitats-biblioteca-escola\/ens-expliques-un-conte-2\/\" title=\"Read Ens expliques un conte?\">Llegeix m\u00e9s\u00bb<\/a><\/p>\n","protected":false},"author":4,"featured_media":0,"comment_status":"closed","ping_status":"closed","sticky":false,"template":"","format":"standard","meta":{"_bbp_topic_count":0,"_bbp_reply_count":0,"_bbp_total_topic_count":0,"_bbp_total_reply_count":0,"_bbp_voice_count":0,"_bbp_anonymous_reply_count":0,"_bbp_topic_count_hidden":0,"_bbp_reply_count_hidden":0,"_bbp_forum_subforum_count":0,"footnotes":""},"categories":[65],"tags":[],"class_list":["post-2299","post","type-post","status-publish","format-standard","hentry","category-activitats-biblioteca-escola"],"post_mailing_queue_ids":[],"_links":{"self":[{"href":"https:\/\/agora.xtec.cat\/ceiptorresjonama\/wp-json\/wp\/v2\/posts\/2299","targetHints":{"allow":["GET"]}}],"collection":[{"href":"https:\/\/agora.xtec.cat\/ceiptorresjonama\/wp-json\/wp\/v2\/posts"}],"about":[{"href":"https:\/\/agora.xtec.cat\/ceiptorresjonama\/wp-json\/wp\/v2\/types\/post"}],"author":[{"embeddable":true,"href":"https:\/\/agora.xtec.cat\/ceiptorresjonama\/wp-json\/wp\/v2\/users\/4"}],"replies":[{"embeddable":true,"href":"https:\/\/agora.xtec.cat\/ceiptorresjonama\/wp-json\/wp\/v2\/comments?post=2299"}],"version-history":[{"count":3,"href":"https:\/\/agora.xtec.cat\/ceiptorresjonama\/wp-json\/wp\/v2\/posts\/2299\/revisions"}],"predecessor-version":[{"id":2311,"href":"https:\/\/agora.xtec.cat\/ceiptorresjonama\/wp-json\/wp\/v2\/posts\/2299\/revisions\/2311"}],"wp:attachment":[{"href":"https:\/\/agora.xtec.cat\/ceiptorresjonama\/wp-json\/wp\/v2\/media?parent=2299"}],"wp:term":[{"taxonomy":"category","embeddable":true,"href":"https:\/\/agora.xtec.cat\/ceiptorresjonama\/wp-json\/wp\/v2\/categories?post=2299"},{"taxonomy":"post_tag","embeddable":true,"href":"https:\/\/agora.xtec.cat\/ceiptorresjonama\/wp-json\/wp\/v2\/tags?post=2299"}],"curies":[{"name":"wp","href":"https:\/\/api.w.org\/{rel}","templated":true}]}}