{"id":2268,"date":"2020-01-27T22:46:59","date_gmt":"2020-01-27T21:46:59","guid":{"rendered":"https:\/\/agora.xtec.cat\/ceiptorresjonama\/?p=2268"},"modified":"2020-01-27T22:46:59","modified_gmt":"2020-01-27T21:46:59","slug":"llibre-del-mes-desembre","status":"publish","type":"post","link":"https:\/\/agora.xtec.cat\/ceiptorresjonama\/activitats-biblioteca-escola\/llibre-del-mes-desembre\/","title":{"rendered":"Llibre del mes: desembre"},"content":{"rendered":"<p><a href=\"https:\/\/agora.xtec.cat\/ceiptorresjonama\/wp-content\/uploads\/usu279\/2020\/01\/llibre-desembre.jpg\"><img loading=\"lazy\" decoding=\"async\" class=\"size-medium wp-image-2269 alignleft\" src=\"https:\/\/agora.xtec.cat\/ceiptorresjonama\/wp-content\/uploads\/usu279\/2020\/01\/llibre-desembre-238x300.jpg\" alt=\"\" width=\"238\" height=\"300\" srcset=\"https:\/\/agora.xtec.cat\/ceiptorresjonama\/wp-content\/uploads\/usu279\/2020\/01\/llibre-desembre-238x300.jpg 238w, https:\/\/agora.xtec.cat\/ceiptorresjonama\/wp-content\/uploads\/usu279\/2020\/01\/llibre-desembre.jpg 260w\" sizes=\"auto, (max-width: 238px) 100vw, 238px\" \/><\/a><\/p>\n<p>Sinopsi:<\/p>\n<p>Quan camines pel bosc, no s\u2019ha de deixar mai el cam\u00ed&#8230; Per\u00f2 canviar el final d\u2019un conte pot ser molt divertit!. De cam\u00ed a la biblioteca, la Caputxeta Vermella es troba un llop astut que la conven\u00e7 perqu\u00e8 deixi el cam\u00ed. Aix\u00f2 no sortia en un conte? Potser ha arribat el moment de trobar-li un final diferent&#8230;Aquesta versi\u00f3 del cl\u00e0ssic La Caputxeta Vermella celebra la m\u00e0gia i l\u2019encant dels contes de fades.<\/p>\n","protected":false},"excerpt":{"rendered":"<p><a href=\"https:\/\/agora.xtec.cat\/ceiptorresjonama\/wp-content\/uploads\/usu279\/2020\/01\/llibre-desembre.jpg\"><\/a><br \/>\nSinopsi:<br \/>\nQuan camines pel bosc, no s\u2019ha de deixar mai el cam\u00ed&#8230; Per\u00f2 canviar el final d\u2019un conte pot ser molt divertit!. De cam\u00ed a la biblioteca, la Caputxeta Vermella es troba un llop astut que la conven\u00e7 perqu\u00e8 deixi el cam\u00ed. Aix\u00f2 no sortia&hellip;  <a href=\"https:\/\/agora.xtec.cat\/ceiptorresjonama\/activitats-biblioteca-escola\/llibre-del-mes-desembre\/\" title=\"Read Llibre del mes: desembre\">Llegeix m\u00e9s\u00bb<\/a><\/p>\n","protected":false},"author":4,"featured_media":1675,"comment_status":"closed","ping_status":"closed","sticky":false,"template":"","format":"standard","meta":{"_bbp_topic_count":0,"_bbp_reply_count":0,"_bbp_total_topic_count":0,"_bbp_total_reply_count":0,"_bbp_voice_count":0,"_bbp_anonymous_reply_count":0,"_bbp_topic_count_hidden":0,"_bbp_reply_count_hidden":0,"_bbp_forum_subforum_count":0,"footnotes":""},"categories":[65,66],"tags":[],"class_list":["post-2268","post","type-post","status-publish","format-standard","has-post-thumbnail","hentry","category-activitats-biblioteca-escola","category-poemes-i-llibres-del-mes"],"post_mailing_queue_ids":[],"_links":{"self":[{"href":"https:\/\/agora.xtec.cat\/ceiptorresjonama\/wp-json\/wp\/v2\/posts\/2268","targetHints":{"allow":["GET"]}}],"collection":[{"href":"https:\/\/agora.xtec.cat\/ceiptorresjonama\/wp-json\/wp\/v2\/posts"}],"about":[{"href":"https:\/\/agora.xtec.cat\/ceiptorresjonama\/wp-json\/wp\/v2\/types\/post"}],"author":[{"embeddable":true,"href":"https:\/\/agora.xtec.cat\/ceiptorresjonama\/wp-json\/wp\/v2\/users\/4"}],"replies":[{"embeddable":true,"href":"https:\/\/agora.xtec.cat\/ceiptorresjonama\/wp-json\/wp\/v2\/comments?post=2268"}],"version-history":[{"count":2,"href":"https:\/\/agora.xtec.cat\/ceiptorresjonama\/wp-json\/wp\/v2\/posts\/2268\/revisions"}],"predecessor-version":[{"id":2271,"href":"https:\/\/agora.xtec.cat\/ceiptorresjonama\/wp-json\/wp\/v2\/posts\/2268\/revisions\/2271"}],"wp:featuredmedia":[{"embeddable":true,"href":"https:\/\/agora.xtec.cat\/ceiptorresjonama\/wp-json\/wp\/v2\/media\/1675"}],"wp:attachment":[{"href":"https:\/\/agora.xtec.cat\/ceiptorresjonama\/wp-json\/wp\/v2\/media?parent=2268"}],"wp:term":[{"taxonomy":"category","embeddable":true,"href":"https:\/\/agora.xtec.cat\/ceiptorresjonama\/wp-json\/wp\/v2\/categories?post=2268"},{"taxonomy":"post_tag","embeddable":true,"href":"https:\/\/agora.xtec.cat\/ceiptorresjonama\/wp-json\/wp\/v2\/tags?post=2268"}],"curies":[{"name":"wp","href":"https:\/\/api.w.org\/{rel}","templated":true}]}}