{"id":2199,"date":"2019-12-10T10:29:21","date_gmt":"2019-12-10T09:29:21","guid":{"rendered":"https:\/\/agora.xtec.cat\/ceiptorresjonama\/?p=2199"},"modified":"2019-12-10T10:34:47","modified_gmt":"2019-12-10T09:34:47","slug":"visita-i-tast-del-torroner-de-palafrugell","status":"publish","type":"post","link":"https:\/\/agora.xtec.cat\/ceiptorresjonama\/primaria\/6e\/visita-i-tast-del-torroner-de-palafrugell\/","title":{"rendered":"Visita i tast del torroner de Palafrugell"},"content":{"rendered":"<p>Ahir ens va visitar l&#8217;artes\u00e0 torroner Toni Mira de la torroneria del C\/Const\u00e0ncia, 8 de Palafrugell. Ens va explicar el proc\u00e9s d&#8217;elaboraci\u00f3 del torr\u00f3 i els seus ingredients principals: les ametlles i la mel. Tamb\u00e9 vam aprendre la difer\u00e8ncia entre el torr\u00f3 d&#8217;Alacant i el torr\u00f3 de Xixona. En acabar vam poder tastar el torr\u00f3 dur, el d&#8217;Alacant, i les neules. Vam intentar partir el torr\u00f3 amb les nostres mans i no vam poder! <span style=\"font-family: inherit;font-size: 1em\">Podem anar a visitar-lo fins el dia 24 de desembre, llavors ja tanquen la botiga fins l&#8217;any que ve.<\/span> Volem donar les gr\u00e0cies a la Maria Bruguera, mare de l&#8217;Enric, per haver fet possible aquesta activitat.<\/p>\n<p style=\"text-align: center\">( fent clic a la foto accedireu a l&#8217;\u00e0lbum)<\/p>\n<p><a href=\"https:\/\/photos.app.goo.gl\/UgdRm7Zfco1zhnhd6\"><img loading=\"lazy\" decoding=\"async\" class=\"aligncenter size-medium wp-image-2200\" src=\"https:\/\/agora.xtec.cat\/ceiptorresjonama\/wp-content\/uploads\/usu279\/2019\/12\/IMG_7945-300x174.jpg\" alt=\"\" width=\"300\" height=\"174\" srcset=\"https:\/\/agora.xtec.cat\/ceiptorresjonama\/wp-content\/uploads\/usu279\/2019\/12\/IMG_7945-300x174.jpg 300w, https:\/\/agora.xtec.cat\/ceiptorresjonama\/wp-content\/uploads\/usu279\/2019\/12\/IMG_7945.jpg 640w\" sizes=\"auto, (max-width: 300px) 100vw, 300px\" \/><\/a><\/p>\n","protected":false},"excerpt":{"rendered":"<p>Ahir ens va visitar l&#8217;artes\u00e0 torroner Toni Mira de la torroneria del C\/Const\u00e0ncia, 8 de Palafrugell. Ens va explicar el proc\u00e9s d&#8217;elaboraci\u00f3 del torr\u00f3 i els seus ingredients principals: les ametlles i la mel. Tamb\u00e9 vam aprendre la difer\u00e8ncia entre el torr\u00f3 d&#8217;Alacant i el&hellip;  <a href=\"https:\/\/agora.xtec.cat\/ceiptorresjonama\/primaria\/6e\/visita-i-tast-del-torroner-de-palafrugell\/\" title=\"Read Visita i tast del torroner de Palafrugell\">Llegeix m\u00e9s\u00bb<\/a><\/p>\n","protected":false},"author":4,"featured_media":2200,"comment_status":"closed","ping_status":"closed","sticky":false,"template":"","format":"standard","meta":{"_bbp_topic_count":0,"_bbp_reply_count":0,"_bbp_total_topic_count":0,"_bbp_total_reply_count":0,"_bbp_voice_count":0,"_bbp_anonymous_reply_count":0,"_bbp_topic_count_hidden":0,"_bbp_reply_count_hidden":0,"_bbp_forum_subforum_count":0,"footnotes":""},"categories":[13],"tags":[],"class_list":["post-2199","post","type-post","status-publish","format-standard","has-post-thumbnail","hentry","category-6e"],"post_mailing_queue_ids":[],"_links":{"self":[{"href":"https:\/\/agora.xtec.cat\/ceiptorresjonama\/wp-json\/wp\/v2\/posts\/2199","targetHints":{"allow":["GET"]}}],"collection":[{"href":"https:\/\/agora.xtec.cat\/ceiptorresjonama\/wp-json\/wp\/v2\/posts"}],"about":[{"href":"https:\/\/agora.xtec.cat\/ceiptorresjonama\/wp-json\/wp\/v2\/types\/post"}],"author":[{"embeddable":true,"href":"https:\/\/agora.xtec.cat\/ceiptorresjonama\/wp-json\/wp\/v2\/users\/4"}],"replies":[{"embeddable":true,"href":"https:\/\/agora.xtec.cat\/ceiptorresjonama\/wp-json\/wp\/v2\/comments?post=2199"}],"version-history":[{"count":3,"href":"https:\/\/agora.xtec.cat\/ceiptorresjonama\/wp-json\/wp\/v2\/posts\/2199\/revisions"}],"predecessor-version":[{"id":2205,"href":"https:\/\/agora.xtec.cat\/ceiptorresjonama\/wp-json\/wp\/v2\/posts\/2199\/revisions\/2205"}],"wp:featuredmedia":[{"embeddable":true,"href":"https:\/\/agora.xtec.cat\/ceiptorresjonama\/wp-json\/wp\/v2\/media\/2200"}],"wp:attachment":[{"href":"https:\/\/agora.xtec.cat\/ceiptorresjonama\/wp-json\/wp\/v2\/media?parent=2199"}],"wp:term":[{"taxonomy":"category","embeddable":true,"href":"https:\/\/agora.xtec.cat\/ceiptorresjonama\/wp-json\/wp\/v2\/categories?post=2199"},{"taxonomy":"post_tag","embeddable":true,"href":"https:\/\/agora.xtec.cat\/ceiptorresjonama\/wp-json\/wp\/v2\/tags?post=2199"}],"curies":[{"name":"wp","href":"https:\/\/api.w.org\/{rel}","templated":true}]}}