{"id":2163,"date":"2019-11-28T18:42:01","date_gmt":"2019-11-28T17:42:01","guid":{"rendered":"https:\/\/agora.xtec.cat\/ceiptorresjonama\/?p=2163"},"modified":"2019-11-28T21:26:11","modified_gmt":"2019-11-28T20:26:11","slug":"pirates-a-palamos","status":"publish","type":"post","link":"https:\/\/agora.xtec.cat\/ceiptorresjonama\/primaria\/6e-22-23\/pirates-a-palamos\/","title":{"rendered":"Pirates a Palam\u00f3s"},"content":{"rendered":"<p>El passat 27 de novembre un grup de pirates provinents de Mont-ras van arribar al poble de Palam\u00f3s!<\/p>\n<p>Diuen que es van passejar pel poble com si del mateix pirata Barba-rossa es tract\u00e9s. Tamb\u00e9 van voler entrar al museu de la pesca per con\u00e8ixer l&#8217;ofici de pescador. Fins i tot es van atrevir a pujar a bord del vaixell Rafael, propietat del temut Joan el del fairy, el qual els va portar a veure un peix Lluna, dif\u00edcil de veure en aquesta \u00e8poca.<\/p>\n<p>En acabat se&#8217;ls va veure menjant i jugant per la platja de la Fosca.<\/p>\n<p>Hem pogut trobar proves gr\u00e0fiques que ho demostren, cliqueu a la foto per veure-ho<\/p>\n<p><a href=\"https:\/\/photos.app.goo.gl\/G8vNnfH3wnJzhjzw5\"><img loading=\"lazy\" decoding=\"async\" class=\"aligncenter size-medium wp-image-2164\" src=\"https:\/\/agora.xtec.cat\/ceiptorresjonama\/wp-content\/uploads\/usu279\/2019\/11\/20191127_151058-300x169.jpg\" alt=\"\" width=\"300\" height=\"169\" srcset=\"https:\/\/agora.xtec.cat\/ceiptorresjonama\/wp-content\/uploads\/usu279\/2019\/11\/20191127_151058-300x169.jpg 300w, https:\/\/agora.xtec.cat\/ceiptorresjonama\/wp-content\/uploads\/usu279\/2019\/11\/20191127_151058-768x432.jpg 768w, https:\/\/agora.xtec.cat\/ceiptorresjonama\/wp-content\/uploads\/usu279\/2019\/11\/20191127_151058-1024x576.jpg 1024w, https:\/\/agora.xtec.cat\/ceiptorresjonama\/wp-content\/uploads\/usu279\/2019\/11\/20191127_151058.jpg 1280w\" sizes=\"auto, (max-width: 300px) 100vw, 300px\" \/><\/a><\/p>\n","protected":false},"excerpt":{"rendered":"<p>El passat 27 de novembre un grup de pirates provinents de Mont-ras van arribar al poble de Palam\u00f3s!<br \/>\nDiuen que es van passejar pel poble com si del mateix pirata Barba-rossa es tract\u00e9s. Tamb\u00e9 van voler entrar al museu de la pesca per con\u00e8ixer l&#8217;ofici de&hellip;  <a href=\"https:\/\/agora.xtec.cat\/ceiptorresjonama\/primaria\/6e-22-23\/pirates-a-palamos\/\" title=\"Read Pirates a Palam\u00f3s\">Llegeix m\u00e9s\u00bb<\/a><\/p>\n","protected":false},"author":4,"featured_media":1675,"comment_status":"closed","ping_status":"closed","sticky":false,"template":"","format":"standard","meta":{"_bbp_topic_count":0,"_bbp_reply_count":0,"_bbp_total_topic_count":0,"_bbp_total_reply_count":0,"_bbp_voice_count":0,"_bbp_anonymous_reply_count":0,"_bbp_topic_count_hidden":0,"_bbp_reply_count_hidden":0,"_bbp_forum_subforum_count":0,"footnotes":""},"categories":[14],"tags":[],"class_list":["post-2163","post","type-post","status-publish","format-standard","has-post-thumbnail","hentry","category-6e-22-23"],"post_mailing_queue_ids":[],"_links":{"self":[{"href":"https:\/\/agora.xtec.cat\/ceiptorresjonama\/wp-json\/wp\/v2\/posts\/2163","targetHints":{"allow":["GET"]}}],"collection":[{"href":"https:\/\/agora.xtec.cat\/ceiptorresjonama\/wp-json\/wp\/v2\/posts"}],"about":[{"href":"https:\/\/agora.xtec.cat\/ceiptorresjonama\/wp-json\/wp\/v2\/types\/post"}],"author":[{"embeddable":true,"href":"https:\/\/agora.xtec.cat\/ceiptorresjonama\/wp-json\/wp\/v2\/users\/4"}],"replies":[{"embeddable":true,"href":"https:\/\/agora.xtec.cat\/ceiptorresjonama\/wp-json\/wp\/v2\/comments?post=2163"}],"version-history":[{"count":3,"href":"https:\/\/agora.xtec.cat\/ceiptorresjonama\/wp-json\/wp\/v2\/posts\/2163\/revisions"}],"predecessor-version":[{"id":2170,"href":"https:\/\/agora.xtec.cat\/ceiptorresjonama\/wp-json\/wp\/v2\/posts\/2163\/revisions\/2170"}],"wp:featuredmedia":[{"embeddable":true,"href":"https:\/\/agora.xtec.cat\/ceiptorresjonama\/wp-json\/wp\/v2\/media\/1675"}],"wp:attachment":[{"href":"https:\/\/agora.xtec.cat\/ceiptorresjonama\/wp-json\/wp\/v2\/media?parent=2163"}],"wp:term":[{"taxonomy":"category","embeddable":true,"href":"https:\/\/agora.xtec.cat\/ceiptorresjonama\/wp-json\/wp\/v2\/categories?post=2163"},{"taxonomy":"post_tag","embeddable":true,"href":"https:\/\/agora.xtec.cat\/ceiptorresjonama\/wp-json\/wp\/v2\/tags?post=2163"}],"curies":[{"name":"wp","href":"https:\/\/api.w.org\/{rel}","templated":true}]}}