{"id":2132,"date":"2019-11-20T22:38:55","date_gmt":"2019-11-20T21:38:55","guid":{"rendered":"https:\/\/agora.xtec.cat\/ceiptorresjonama\/?p=2132"},"modified":"2019-11-20T22:44:28","modified_gmt":"2019-11-20T21:44:28","slug":"a-lhora-del-pati-un-conte-8","status":"publish","type":"post","link":"https:\/\/agora.xtec.cat\/ceiptorresjonama\/activitats-biblioteca-escola\/a-lhora-del-pati-un-conte-8\/","title":{"rendered":"A l&#8217;hora del pati: un conte"},"content":{"rendered":"<p>Aquest mes d&#8217;octubre, a la biblioteca, la Paquita i la Isabel ens han presentat a l&#8217;hora del pati d&#8217;una manera molt original aquests dos contes. La Paquita era l&#8217; Art\u00fas, el gall indi i la Isabel\u00a0 era la Berta, l&#8217;ovella.<\/p>\n<p><a href=\"https:\/\/agora.xtec.cat\/ceiptorresjonama\/wp-content\/uploads\/usu279\/2019\/11\/no-es-caca.jpg\"><img loading=\"lazy\" decoding=\"async\" class=\"wp-image-2133 alignleft\" src=\"https:\/\/agora.xtec.cat\/ceiptorresjonama\/wp-content\/uploads\/usu279\/2019\/11\/no-es-caca-300x300.jpg\" alt=\"\" width=\"152\" height=\"152\" srcset=\"https:\/\/agora.xtec.cat\/ceiptorresjonama\/wp-content\/uploads\/usu279\/2019\/11\/no-es-caca-300x300.jpg 300w, https:\/\/agora.xtec.cat\/ceiptorresjonama\/wp-content\/uploads\/usu279\/2019\/11\/no-es-caca-150x150.jpg 150w, https:\/\/agora.xtec.cat\/ceiptorresjonama\/wp-content\/uploads\/usu279\/2019\/11\/no-es-caca-768x765.jpg 768w, https:\/\/agora.xtec.cat\/ceiptorresjonama\/wp-content\/uploads\/usu279\/2019\/11\/no-es-caca.jpg 840w\" sizes=\"auto, (max-width: 152px) 100vw, 152px\" \/><\/a><\/p>\n<p><span style=\"color: #993300\">Sinopsi: <\/span>La petita Berta est\u00e0 avorrida&#8230; Quan arriba l&#8217;Art\u00fas el gall indi pall\u00fas, la temptaci\u00f3 de fer-li una mala passada \u00e9s massa gran per resistir-s&#8217;hi!<\/p>\n<p>&nbsp;<\/p>\n<p><img loading=\"lazy\" decoding=\"async\" class=\"wp-image-2134 alignleft\" src=\"https:\/\/agora.xtec.cat\/ceiptorresjonama\/wp-content\/uploads\/usu279\/2019\/11\/no-es-pipi-300x300.jpg\" alt=\"\" width=\"161\" height=\"161\" srcset=\"https:\/\/agora.xtec.cat\/ceiptorresjonama\/wp-content\/uploads\/usu279\/2019\/11\/no-es-pipi-300x300.jpg 300w, https:\/\/agora.xtec.cat\/ceiptorresjonama\/wp-content\/uploads\/usu279\/2019\/11\/no-es-pipi-150x150.jpg 150w, https:\/\/agora.xtec.cat\/ceiptorresjonama\/wp-content\/uploads\/usu279\/2019\/11\/no-es-pipi-768x765.jpg 768w, https:\/\/agora.xtec.cat\/ceiptorresjonama\/wp-content\/uploads\/usu279\/2019\/11\/no-es-pipi.jpg 860w\" sizes=\"auto, (max-width: 161px) 100vw, 161px\" \/><\/p>\n<p><span style=\"color: #993300\">Sinopsi: <\/span>La segona aventura de la Berta i l&#8217;Art\u00fas. Despr\u00e9s de tastar les pastilles intel\u00b7ligents de la petita Berta, l&#8217;Art\u00fas el gall indi pall\u00fas decideix que \u00e9s hora de venjar-se&#8217;n. Per\u00f2, ser\u00e0 capa\u00e7 d&#8217;enganyar una ovella tan astuta?<\/p>\n<p>&nbsp;<\/p>\n","protected":false},"excerpt":{"rendered":"<p>Aquest mes d&#8217;octubre, a la biblioteca, la Paquita i la Isabel ens han presentat a l&#8217;hora del pati d&#8217;una manera molt original aquests dos contes. La Paquita era l&#8217; Art\u00fas, el gall indi i la Isabel\u00a0 era la Berta, l&#8217;ovella.<br \/>\n<a href=\"https:\/\/agora.xtec.cat\/ceiptorresjonama\/wp-content\/uploads\/usu279\/2019\/11\/no-es-caca.jpg\"><\/a><br \/>\nSinopsi: La petita Berta est\u00e0&hellip;  <a href=\"https:\/\/agora.xtec.cat\/ceiptorresjonama\/activitats-biblioteca-escola\/a-lhora-del-pati-un-conte-8\/\" title=\"Read A l&#8217;hora del pati: un conte\">Llegeix m\u00e9s\u00bb<\/a><\/p>\n","protected":false},"author":4,"featured_media":0,"comment_status":"closed","ping_status":"closed","sticky":false,"template":"","format":"standard","meta":{"_bbp_topic_count":0,"_bbp_reply_count":0,"_bbp_total_topic_count":0,"_bbp_total_reply_count":0,"_bbp_voice_count":0,"_bbp_anonymous_reply_count":0,"_bbp_topic_count_hidden":0,"_bbp_reply_count_hidden":0,"_bbp_forum_subforum_count":0,"footnotes":""},"categories":[65],"tags":[],"class_list":["post-2132","post","type-post","status-publish","format-standard","hentry","category-activitats-biblioteca-escola"],"post_mailing_queue_ids":[],"_links":{"self":[{"href":"https:\/\/agora.xtec.cat\/ceiptorresjonama\/wp-json\/wp\/v2\/posts\/2132","targetHints":{"allow":["GET"]}}],"collection":[{"href":"https:\/\/agora.xtec.cat\/ceiptorresjonama\/wp-json\/wp\/v2\/posts"}],"about":[{"href":"https:\/\/agora.xtec.cat\/ceiptorresjonama\/wp-json\/wp\/v2\/types\/post"}],"author":[{"embeddable":true,"href":"https:\/\/agora.xtec.cat\/ceiptorresjonama\/wp-json\/wp\/v2\/users\/4"}],"replies":[{"embeddable":true,"href":"https:\/\/agora.xtec.cat\/ceiptorresjonama\/wp-json\/wp\/v2\/comments?post=2132"}],"version-history":[{"count":3,"href":"https:\/\/agora.xtec.cat\/ceiptorresjonama\/wp-json\/wp\/v2\/posts\/2132\/revisions"}],"predecessor-version":[{"id":2141,"href":"https:\/\/agora.xtec.cat\/ceiptorresjonama\/wp-json\/wp\/v2\/posts\/2132\/revisions\/2141"}],"wp:attachment":[{"href":"https:\/\/agora.xtec.cat\/ceiptorresjonama\/wp-json\/wp\/v2\/media?parent=2132"}],"wp:term":[{"taxonomy":"category","embeddable":true,"href":"https:\/\/agora.xtec.cat\/ceiptorresjonama\/wp-json\/wp\/v2\/categories?post=2132"},{"taxonomy":"post_tag","embeddable":true,"href":"https:\/\/agora.xtec.cat\/ceiptorresjonama\/wp-json\/wp\/v2\/tags?post=2132"}],"curies":[{"name":"wp","href":"https:\/\/api.w.org\/{rel}","templated":true}]}}