{"id":2120,"date":"2019-11-14T10:31:25","date_gmt":"2019-11-14T09:31:25","guid":{"rendered":"https:\/\/agora.xtec.cat\/ceiptorresjonama\/?p=2120"},"modified":"2019-11-14T11:44:34","modified_gmt":"2019-11-14T10:44:34","slug":"hem-pujat-al-campanar-de-mont-ras","status":"publish","type":"post","link":"https:\/\/agora.xtec.cat\/ceiptorresjonama\/primaria\/6e\/hem-pujat-al-campanar-de-mont-ras\/","title":{"rendered":"HEM PUJAT AL CAMPANAR DE MONT-RAS"},"content":{"rendered":"<p>Les nenes i els nens de 4t hem pujat al campanar de Mont-ras com a activitat complement\u00e0ria de l&#8217;eix d&#8217;enguany. L&#8217;esgl\u00e9sia de Mont-ras servia de torre de guaita i refugi a l&#8217;\u00e8poca dels pirates. Agra\u00efm\u00a0 a la Maria Bruguera i en Carles Salgas les seves explicacions durant la visita.<\/p>\n<p>&nbsp;<\/p>\n<p style=\"text-align: center;\">( clicant a la foto podreu accedir a l&#8217;\u00e0lbum)<\/p>\n<p><a href=\"https:\/\/photos.app.goo.gl\/H3D8Vmg6Gzme7L5W9\"><img loading=\"lazy\" decoding=\"async\" class=\"aligncenter size-medium wp-image-2121\" src=\"https:\/\/agora.xtec.cat\/ceiptorresjonama\/wp-content\/uploads\/usu279\/2019\/11\/IMG_7481-300x225.jpg\" alt=\"\" width=\"300\" height=\"225\" srcset=\"https:\/\/agora.xtec.cat\/ceiptorresjonama\/wp-content\/uploads\/usu279\/2019\/11\/IMG_7481-300x225.jpg 300w, https:\/\/agora.xtec.cat\/ceiptorresjonama\/wp-content\/uploads\/usu279\/2019\/11\/IMG_7481-200x150.jpg 200w, https:\/\/agora.xtec.cat\/ceiptorresjonama\/wp-content\/uploads\/usu279\/2019\/11\/IMG_7481.jpg 640w\" sizes=\"auto, (max-width: 300px) 100vw, 300px\" \/><\/a><\/p>\n<p>&nbsp;<\/p>\n","protected":false},"excerpt":{"rendered":"<p>Les nenes i els nens de 4t hem pujat al campanar de Mont-ras com a activitat complement\u00e0ria de l&#8217;eix d&#8217;enguany. L&#8217;esgl\u00e9sia de Mont-ras servia de torre de guaita i refugi a l&#8217;\u00e8poca dels pirates. Agra\u00efm\u00a0 a la Maria Bruguera i en Carles Salgas les seves&hellip;  <a href=\"https:\/\/agora.xtec.cat\/ceiptorresjonama\/primaria\/6e\/hem-pujat-al-campanar-de-mont-ras\/\" title=\"Read HEM PUJAT AL CAMPANAR DE MONT-RAS\">Llegeix m\u00e9s\u00bb<\/a><\/p>\n","protected":false},"author":4,"featured_media":1675,"comment_status":"closed","ping_status":"closed","sticky":false,"template":"","format":"standard","meta":{"_bbp_topic_count":0,"_bbp_reply_count":0,"_bbp_total_topic_count":0,"_bbp_total_reply_count":0,"_bbp_voice_count":0,"_bbp_anonymous_reply_count":0,"_bbp_topic_count_hidden":0,"_bbp_reply_count_hidden":0,"_bbp_forum_subforum_count":0,"footnotes":""},"categories":[13],"tags":[],"class_list":["post-2120","post","type-post","status-publish","format-standard","has-post-thumbnail","hentry","category-6e"],"post_mailing_queue_ids":[],"_links":{"self":[{"href":"https:\/\/agora.xtec.cat\/ceiptorresjonama\/wp-json\/wp\/v2\/posts\/2120","targetHints":{"allow":["GET"]}}],"collection":[{"href":"https:\/\/agora.xtec.cat\/ceiptorresjonama\/wp-json\/wp\/v2\/posts"}],"about":[{"href":"https:\/\/agora.xtec.cat\/ceiptorresjonama\/wp-json\/wp\/v2\/types\/post"}],"author":[{"embeddable":true,"href":"https:\/\/agora.xtec.cat\/ceiptorresjonama\/wp-json\/wp\/v2\/users\/4"}],"replies":[{"embeddable":true,"href":"https:\/\/agora.xtec.cat\/ceiptorresjonama\/wp-json\/wp\/v2\/comments?post=2120"}],"version-history":[{"count":2,"href":"https:\/\/agora.xtec.cat\/ceiptorresjonama\/wp-json\/wp\/v2\/posts\/2120\/revisions"}],"predecessor-version":[{"id":2129,"href":"https:\/\/agora.xtec.cat\/ceiptorresjonama\/wp-json\/wp\/v2\/posts\/2120\/revisions\/2129"}],"wp:featuredmedia":[{"embeddable":true,"href":"https:\/\/agora.xtec.cat\/ceiptorresjonama\/wp-json\/wp\/v2\/media\/1675"}],"wp:attachment":[{"href":"https:\/\/agora.xtec.cat\/ceiptorresjonama\/wp-json\/wp\/v2\/media?parent=2120"}],"wp:term":[{"taxonomy":"category","embeddable":true,"href":"https:\/\/agora.xtec.cat\/ceiptorresjonama\/wp-json\/wp\/v2\/categories?post=2120"},{"taxonomy":"post_tag","embeddable":true,"href":"https:\/\/agora.xtec.cat\/ceiptorresjonama\/wp-json\/wp\/v2\/tags?post=2120"}],"curies":[{"name":"wp","href":"https:\/\/api.w.org\/{rel}","templated":true}]}}