{"id":2104,"date":"2019-11-12T19:52:18","date_gmt":"2019-11-12T18:52:18","guid":{"rendered":"https:\/\/agora.xtec.cat\/ceiptorresjonama\/?p=2104"},"modified":"2019-11-12T19:52:57","modified_gmt":"2019-11-12T18:52:57","slug":"el-raco-de-la-biblioteca-la-tardor","status":"publish","type":"post","link":"https:\/\/agora.xtec.cat\/ceiptorresjonama\/activitats-biblioteca-escola\/el-raco-de-la-biblioteca-la-tardor\/","title":{"rendered":"El Rac\u00f3 de la Biblioteca: la tardor"},"content":{"rendered":"<p>Quin raconet m\u00e9s bonic que t\u00e9 la biblioteca !!!. Ara hi tenim una exposici\u00f3 de llibres que parlen de la tardor, de la castanyada&#8230;<\/p>\n<p><a style=\"color: #2795b6\" href=\"https:\/\/agora.xtec.cat\/ceiptorresjonama\/wp-content\/uploads\/usu279\/2019\/11\/raco-biblioteca.jpg\"><img loading=\"lazy\" decoding=\"async\" class=\" wp-image-2105 alignleft\" src=\"https:\/\/agora.xtec.cat\/ceiptorresjonama\/wp-content\/uploads\/usu279\/2019\/11\/raco-biblioteca-300x288.jpg\" alt=\"\" width=\"180\" height=\"173\" srcset=\"https:\/\/agora.xtec.cat\/ceiptorresjonama\/wp-content\/uploads\/usu279\/2019\/11\/raco-biblioteca-300x288.jpg 300w, https:\/\/agora.xtec.cat\/ceiptorresjonama\/wp-content\/uploads\/usu279\/2019\/11\/raco-biblioteca-768x737.jpg 768w, https:\/\/agora.xtec.cat\/ceiptorresjonama\/wp-content\/uploads\/usu279\/2019\/11\/raco-biblioteca.jpg 918w\" sizes=\"auto, (max-width: 180px) 100vw, 180px\" \/><\/a><a href=\"https:\/\/agora.xtec.cat\/ceiptorresjonama\/wp-content\/uploads\/usu279\/2019\/11\/raco-biblioteca2.jpg\"><img loading=\"lazy\" decoding=\"async\" class=\"wp-image-2106 alignleft\" src=\"https:\/\/agora.xtec.cat\/ceiptorresjonama\/wp-content\/uploads\/usu279\/2019\/11\/raco-biblioteca2-300x225.jpg\" alt=\"\" width=\"153\" height=\"115\" srcset=\"https:\/\/agora.xtec.cat\/ceiptorresjonama\/wp-content\/uploads\/usu279\/2019\/11\/raco-biblioteca2-300x225.jpg 300w, https:\/\/agora.xtec.cat\/ceiptorresjonama\/wp-content\/uploads\/usu279\/2019\/11\/raco-biblioteca2-768x576.jpg 768w, https:\/\/agora.xtec.cat\/ceiptorresjonama\/wp-content\/uploads\/usu279\/2019\/11\/raco-biblioteca2-1024x768.jpg 1024w, https:\/\/agora.xtec.cat\/ceiptorresjonama\/wp-content\/uploads\/usu279\/2019\/11\/raco-biblioteca2-200x150.jpg 200w, https:\/\/agora.xtec.cat\/ceiptorresjonama\/wp-content\/uploads\/usu279\/2019\/11\/raco-biblioteca2.jpg 1110w\" sizes=\"auto, (max-width: 153px) 100vw, 153px\" \/><\/a><a href=\"https:\/\/agora.xtec.cat\/ceiptorresjonama\/wp-content\/uploads\/usu279\/2019\/11\/raco-biblioteca.jpg\"><br \/>\n<\/a><\/p>\n","protected":false},"excerpt":{"rendered":"<p>Quin raconet m\u00e9s bonic que t\u00e9 la biblioteca !!!. Ara hi tenim una exposici\u00f3 de llibres que parlen de la tardor, de la castanyada&#8230;<br \/>\n<a style=\"color: #2795b6\" href=\"https:\/\/agora.xtec.cat\/ceiptorresjonama\/wp-content\/uploads\/usu279\/2019\/11\/raco-biblioteca.jpg\"><\/a><a href=\"https:\/\/agora.xtec.cat\/ceiptorresjonama\/wp-content\/uploads\/usu279\/2019\/11\/raco-biblioteca2.jpg\"><\/a><a href=\"https:\/\/agora.xtec.cat\/ceiptorresjonama\/wp-content\/uploads\/usu279\/2019\/11\/raco-biblioteca.jpg\"><br \/>\n<\/a><\/p>\n","protected":false},"author":4,"featured_media":1675,"comment_status":"closed","ping_status":"closed","sticky":false,"template":"","format":"standard","meta":{"_bbp_topic_count":0,"_bbp_reply_count":0,"_bbp_total_topic_count":0,"_bbp_total_reply_count":0,"_bbp_voice_count":0,"_bbp_anonymous_reply_count":0,"_bbp_topic_count_hidden":0,"_bbp_reply_count_hidden":0,"_bbp_forum_subforum_count":0,"footnotes":""},"categories":[65],"tags":[],"class_list":["post-2104","post","type-post","status-publish","format-standard","has-post-thumbnail","hentry","category-activitats-biblioteca-escola"],"post_mailing_queue_ids":[],"_links":{"self":[{"href":"https:\/\/agora.xtec.cat\/ceiptorresjonama\/wp-json\/wp\/v2\/posts\/2104","targetHints":{"allow":["GET"]}}],"collection":[{"href":"https:\/\/agora.xtec.cat\/ceiptorresjonama\/wp-json\/wp\/v2\/posts"}],"about":[{"href":"https:\/\/agora.xtec.cat\/ceiptorresjonama\/wp-json\/wp\/v2\/types\/post"}],"author":[{"embeddable":true,"href":"https:\/\/agora.xtec.cat\/ceiptorresjonama\/wp-json\/wp\/v2\/users\/4"}],"replies":[{"embeddable":true,"href":"https:\/\/agora.xtec.cat\/ceiptorresjonama\/wp-json\/wp\/v2\/comments?post=2104"}],"version-history":[{"count":2,"href":"https:\/\/agora.xtec.cat\/ceiptorresjonama\/wp-json\/wp\/v2\/posts\/2104\/revisions"}],"predecessor-version":[{"id":2108,"href":"https:\/\/agora.xtec.cat\/ceiptorresjonama\/wp-json\/wp\/v2\/posts\/2104\/revisions\/2108"}],"wp:featuredmedia":[{"embeddable":true,"href":"https:\/\/agora.xtec.cat\/ceiptorresjonama\/wp-json\/wp\/v2\/media\/1675"}],"wp:attachment":[{"href":"https:\/\/agora.xtec.cat\/ceiptorresjonama\/wp-json\/wp\/v2\/media?parent=2104"}],"wp:term":[{"taxonomy":"category","embeddable":true,"href":"https:\/\/agora.xtec.cat\/ceiptorresjonama\/wp-json\/wp\/v2\/categories?post=2104"},{"taxonomy":"post_tag","embeddable":true,"href":"https:\/\/agora.xtec.cat\/ceiptorresjonama\/wp-json\/wp\/v2\/tags?post=2104"}],"curies":[{"name":"wp","href":"https:\/\/api.w.org\/{rel}","templated":true}]}}