{"id":2101,"date":"2019-11-12T19:42:12","date_gmt":"2019-11-12T18:42:12","guid":{"rendered":"https:\/\/agora.xtec.cat\/ceiptorresjonama\/?p=2101"},"modified":"2019-11-12T19:42:12","modified_gmt":"2019-11-12T18:42:12","slug":"llibre-del-mes-octubre","status":"publish","type":"post","link":"https:\/\/agora.xtec.cat\/ceiptorresjonama\/activitats-biblioteca-escola\/llibre-del-mes-octubre\/","title":{"rendered":"Llibre del mes: octubre"},"content":{"rendered":"<p><a href=\"https:\/\/agora.xtec.cat\/ceiptorresjonama\/wp-content\/uploads\/usu279\/2019\/11\/llibre-octubre.jpg\"><img loading=\"lazy\" decoding=\"async\" class=\"aligncenter wp-image-2102\" src=\"https:\/\/agora.xtec.cat\/ceiptorresjonama\/wp-content\/uploads\/usu279\/2019\/11\/llibre-octubre.jpg\" alt=\"\" width=\"161\" height=\"184\" \/><\/a><\/p>\n<p><span style=\"color: #993300\">Sinopsi<\/span>: Nyac-nyac, el monstre menjallibres, ha mossegat les p\u00e0gines d&#8217;aquest \u00e0lbum fins escapar d&#8217;ell&#8230; i ja ha comen\u00e7at a cruspir altres contes! Molt de compte amb ell!<\/p>\n","protected":false},"excerpt":{"rendered":"<p><a href=\"https:\/\/agora.xtec.cat\/ceiptorresjonama\/wp-content\/uploads\/usu279\/2019\/11\/llibre-octubre.jpg\"><\/a><br \/>\nSinopsi: Nyac-nyac, el monstre menjallibres, ha mossegat les p\u00e0gines d&#8217;aquest \u00e0lbum fins escapar d&#8217;ell&#8230; i ja ha comen\u00e7at a cruspir altres contes! Molt de compte amb ell!<\/p>\n","protected":false},"author":4,"featured_media":1675,"comment_status":"closed","ping_status":"closed","sticky":false,"template":"","format":"standard","meta":{"_bbp_topic_count":0,"_bbp_reply_count":0,"_bbp_total_topic_count":0,"_bbp_total_reply_count":0,"_bbp_voice_count":0,"_bbp_anonymous_reply_count":0,"_bbp_topic_count_hidden":0,"_bbp_reply_count_hidden":0,"_bbp_forum_subforum_count":0,"footnotes":""},"categories":[65,66],"tags":[],"class_list":["post-2101","post","type-post","status-publish","format-standard","has-post-thumbnail","hentry","category-activitats-biblioteca-escola","category-poemes-i-llibres-del-mes"],"post_mailing_queue_ids":[],"_links":{"self":[{"href":"https:\/\/agora.xtec.cat\/ceiptorresjonama\/wp-json\/wp\/v2\/posts\/2101","targetHints":{"allow":["GET"]}}],"collection":[{"href":"https:\/\/agora.xtec.cat\/ceiptorresjonama\/wp-json\/wp\/v2\/posts"}],"about":[{"href":"https:\/\/agora.xtec.cat\/ceiptorresjonama\/wp-json\/wp\/v2\/types\/post"}],"author":[{"embeddable":true,"href":"https:\/\/agora.xtec.cat\/ceiptorresjonama\/wp-json\/wp\/v2\/users\/4"}],"replies":[{"embeddable":true,"href":"https:\/\/agora.xtec.cat\/ceiptorresjonama\/wp-json\/wp\/v2\/comments?post=2101"}],"version-history":[{"count":1,"href":"https:\/\/agora.xtec.cat\/ceiptorresjonama\/wp-json\/wp\/v2\/posts\/2101\/revisions"}],"predecessor-version":[{"id":2103,"href":"https:\/\/agora.xtec.cat\/ceiptorresjonama\/wp-json\/wp\/v2\/posts\/2101\/revisions\/2103"}],"wp:featuredmedia":[{"embeddable":true,"href":"https:\/\/agora.xtec.cat\/ceiptorresjonama\/wp-json\/wp\/v2\/media\/1675"}],"wp:attachment":[{"href":"https:\/\/agora.xtec.cat\/ceiptorresjonama\/wp-json\/wp\/v2\/media?parent=2101"}],"wp:term":[{"taxonomy":"category","embeddable":true,"href":"https:\/\/agora.xtec.cat\/ceiptorresjonama\/wp-json\/wp\/v2\/categories?post=2101"},{"taxonomy":"post_tag","embeddable":true,"href":"https:\/\/agora.xtec.cat\/ceiptorresjonama\/wp-json\/wp\/v2\/tags?post=2101"}],"curies":[{"name":"wp","href":"https:\/\/api.w.org\/{rel}","templated":true}]}}