{"id":1877,"date":"2018-01-31T22:20:59","date_gmt":"2018-01-31T21:20:59","guid":{"rendered":"https:\/\/agora.xtec.cat\/ceiptorresjonama\/?p=1877"},"modified":"2019-09-05T22:21:23","modified_gmt":"2019-09-05T20:21:23","slug":"a-lhora-del-pati-un-conte-7","status":"publish","type":"post","link":"https:\/\/agora.xtec.cat\/ceiptorresjonama\/activitats-biblioteca-escola\/a-lhora-del-pati-un-conte-7\/","title":{"rendered":"A l\u2019hora del pati : UN CONTE!"},"content":{"rendered":"<p>Aquest s\u00f3n els\u00a0 tres llibres il\u00b7lustrats que ens ha explicat la Isabel a l\u00b4hora del pati aquest mes de gener:<\/p>\n<p><a href=\"https:\/\/agora.xtec.cat\/ceiptorresjonama\/wp-content\/uploads\/usu279\/2019\/09\/Conte-gener.jpg\"><img loading=\"lazy\" decoding=\"async\" class=\"aligncenter size-full wp-image-1878\" src=\"https:\/\/agora.xtec.cat\/ceiptorresjonama\/wp-content\/uploads\/usu279\/2019\/09\/Conte-gener.jpg\" alt=\"\" width=\"584\" height=\"329\" srcset=\"https:\/\/agora.xtec.cat\/ceiptorresjonama\/wp-content\/uploads\/usu279\/2019\/09\/Conte-gener.jpg 584w, https:\/\/agora.xtec.cat\/ceiptorresjonama\/wp-content\/uploads\/usu279\/2019\/09\/Conte-gener-300x169.jpg 300w\" sizes=\"auto, (max-width: 584px) 100vw, 584px\" \/><\/a><\/p>\n<p>&nbsp;<\/p>\n<h2>Per Ed Infantil: <strong>\u201d TOTS FEM CACA\u201d<\/strong>,\u00a0<strong>Taro Gomi.<\/strong><\/h2>\n<p>Sinopsi: Un llibre divertid\u00edssim pels m\u00e9s petits que parla d\u2019un proc\u00e9s tan natural com \u00e9s el fet de \u201cfer caca\u201d. Perqu\u00e8 tots els \u00e9ssers vius mengem, i per aix\u00f2\u2026 tots fem caca!, un llibre tendre, acolorit, senzill i delicat.<\/p>\n<h2>De 1r a 3r de Prim\u00e0ria:\u00a0<strong>\u201cOSSET EL TERRIBLE\u201d<\/strong>, Marianne Barcilon i Christian Jolibois.<\/h2>\n<p>Sinopsi:\u00a0 Un llibre divertit per a petits i grans. Campi qui pugui! \u2014Tots a cobert, amics! \u2014Que ve el monstre! Osset el Terrible sembra el p\u00e0nic entre els habitants del bosc i aix\u00f2 precisament \u00e9s el que troba divertit! Fins que un dia es troba alg\u00fa molt m\u00e9s gros que ell.<\/p>\n<p>Si el voleu fer un petit tastet on-line cliqueu\u00a0<a href=\"https:\/\/drive.google.com\/file\/d\/0Bw7OWQNPSEY2NS1zNTZNUnJkMk0\/view\">aqu\u00ed\u00a0<\/a><\/p>\n<h2>De 4t a 6\u00e8. \u201c<strong>APRENENT A LLEGIR\u201d,\u00a0<\/strong>Lissa Papp.<\/h2>\n<p>Sinopsi:\u00a0A la Martina no li agrada llegir. Ni llibres, ni revistes, ni tan sols el r\u00e8tol del carret\u00f3 dels gelats. Llavors la Martina coneix la Bonnie, la gossa de la biblioteca. Llegir en veu alta ja no \u00e9s tan dolent. Quan la Martina es queda encallada, a la Bonnie tant li fa. La Martina pot acariciar-la fins a desenredar la paraula. \u00c9s divertit llegir quan no tens por d\u2019equivocar-te. Amb la Bonnie, la Martina ha apr\u00e8s que \u00e9s millor anar a poc a poc.<\/p>\n","protected":false},"excerpt":{"rendered":"<p>Aquest s\u00f3n els\u00a0 tres llibres il\u00b7lustrats que ens ha explicat la Isabel a l\u00b4hora del pati aquest mes de gener:<br \/>\n<a href=\"https:\/\/agora.xtec.cat\/ceiptorresjonama\/wp-content\/uploads\/usu279\/2019\/09\/Conte-gener.jpg\"><\/a><br \/>\n&nbsp;<br \/>\nPer Ed Infantil: \u201d TOTS FEM CACA\u201d,\u00a0Taro Gomi.<br \/>\nSinopsi: Un llibre divertid\u00edssim pels m\u00e9s petits que parla d\u2019un proc\u00e9s tan natural com \u00e9s el fet de&hellip;  <a href=\"https:\/\/agora.xtec.cat\/ceiptorresjonama\/activitats-biblioteca-escola\/a-lhora-del-pati-un-conte-7\/\" title=\"Read A l\u2019hora del pati : UN CONTE!\">Llegeix m\u00e9s\u00bb<\/a><\/p>\n","protected":false},"author":3,"featured_media":1675,"comment_status":"closed","ping_status":"closed","sticky":false,"template":"","format":"standard","meta":{"_bbp_topic_count":0,"_bbp_reply_count":0,"_bbp_total_topic_count":0,"_bbp_total_reply_count":0,"_bbp_voice_count":0,"_bbp_anonymous_reply_count":0,"_bbp_topic_count_hidden":0,"_bbp_reply_count_hidden":0,"_bbp_forum_subforum_count":0,"footnotes":""},"categories":[65],"tags":[],"class_list":["post-1877","post","type-post","status-publish","format-standard","has-post-thumbnail","hentry","category-activitats-biblioteca-escola"],"post_mailing_queue_ids":[],"_links":{"self":[{"href":"https:\/\/agora.xtec.cat\/ceiptorresjonama\/wp-json\/wp\/v2\/posts\/1877","targetHints":{"allow":["GET"]}}],"collection":[{"href":"https:\/\/agora.xtec.cat\/ceiptorresjonama\/wp-json\/wp\/v2\/posts"}],"about":[{"href":"https:\/\/agora.xtec.cat\/ceiptorresjonama\/wp-json\/wp\/v2\/types\/post"}],"author":[{"embeddable":true,"href":"https:\/\/agora.xtec.cat\/ceiptorresjonama\/wp-json\/wp\/v2\/users\/3"}],"replies":[{"embeddable":true,"href":"https:\/\/agora.xtec.cat\/ceiptorresjonama\/wp-json\/wp\/v2\/comments?post=1877"}],"version-history":[{"count":1,"href":"https:\/\/agora.xtec.cat\/ceiptorresjonama\/wp-json\/wp\/v2\/posts\/1877\/revisions"}],"predecessor-version":[{"id":1879,"href":"https:\/\/agora.xtec.cat\/ceiptorresjonama\/wp-json\/wp\/v2\/posts\/1877\/revisions\/1879"}],"wp:featuredmedia":[{"embeddable":true,"href":"https:\/\/agora.xtec.cat\/ceiptorresjonama\/wp-json\/wp\/v2\/media\/1675"}],"wp:attachment":[{"href":"https:\/\/agora.xtec.cat\/ceiptorresjonama\/wp-json\/wp\/v2\/media?parent=1877"}],"wp:term":[{"taxonomy":"category","embeddable":true,"href":"https:\/\/agora.xtec.cat\/ceiptorresjonama\/wp-json\/wp\/v2\/categories?post=1877"},{"taxonomy":"post_tag","embeddable":true,"href":"https:\/\/agora.xtec.cat\/ceiptorresjonama\/wp-json\/wp\/v2\/tags?post=1877"}],"curies":[{"name":"wp","href":"https:\/\/api.w.org\/{rel}","templated":true}]}}