{"id":1863,"date":"2018-03-03T22:10:21","date_gmt":"2018-03-03T21:10:21","guid":{"rendered":"https:\/\/agora.xtec.cat\/ceiptorresjonama\/?p=1863"},"modified":"2019-09-05T22:11:03","modified_gmt":"2019-09-05T20:11:03","slug":"a-lhora-del-patiun-conte","status":"publish","type":"post","link":"https:\/\/agora.xtec.cat\/ceiptorresjonama\/activitats-biblioteca-escola\/a-lhora-del-patiun-conte\/","title":{"rendered":"A l\u2019hora del pati\u2026UN CONTE!"},"content":{"rendered":"<p>Aquest s\u00f3n els llibres il\u00b7lustrats que ens ha explicat la Isabel aquest mes de febrer:<\/p>\n<p><a href=\"https:\/\/agora.xtec.cat\/ceiptorresjonama\/wp-content\/uploads\/usu279\/2019\/09\/Conte-2018.jpg\"><img loading=\"lazy\" decoding=\"async\" class=\"aligncenter size-full wp-image-1864\" src=\"https:\/\/agora.xtec.cat\/ceiptorresjonama\/wp-content\/uploads\/usu279\/2019\/09\/Conte-2018.jpg\" alt=\"\" width=\"565\" height=\"340\" srcset=\"https:\/\/agora.xtec.cat\/ceiptorresjonama\/wp-content\/uploads\/usu279\/2019\/09\/Conte-2018.jpg 565w, https:\/\/agora.xtec.cat\/ceiptorresjonama\/wp-content\/uploads\/usu279\/2019\/09\/Conte-2018-300x181.jpg 300w\" sizes=\"auto, (max-width: 565px) 100vw, 565px\" \/><\/a><\/p>\n<p>&nbsp;<\/p>\n<h4><strong>Per E. Infantil:<\/strong>\u00a0\u00a0<strong>\u201cEL LLE\u00d3 I L\u2019OCELL\u201d,<\/strong><strong>Marianne Dubuc<\/strong><\/h4>\n<p>Sinopsi: Una \u00a0bonica hist\u00f2ria d\u2019amistat, la que protagonitzen un solitari lle\u00f3 i un ocell .Un dia, l\u2019ocell arriba malferit prop de la casa del lle\u00f3 i aquest l\u2019acull i en t\u00e9 cura; a canvi, l\u2019ocell, li ofereix la seva companyia. Van passant els mesos i l\u2019amistat entre ells creix, es fan inseparables i ho comparteixen tot. S\u00f3n molt feli\u00e7os. Passa l\u2019hivern arriba la primavera i amb ella tornen els companys de l\u2019ocell. Ha arribat el moment de dir ad\u00e9u, l\u2019ocell ja est\u00e0 curat i ha de migrar cap a terres m\u00e9s c\u00e0lides. La vida continua, el lle\u00f3 ho accepta per\u00f2 la es queda molt trist. El temps passa lentament sense la inestimable companyia del seu company per\u00f2 passen els mesos i torna l\u2019hivern. I amb l\u2019hivern, torna l\u2019ocell? \u2026<\/p>\n<p>Un conte molt delicat, amb molt poques paraules i unes il\u00b7lustracions que parlen soles, transmeten l\u2019alegria dels bons moments, el silenci de la solitud, la calma dels freds dies d\u2019hivern i la dol\u00e7or de l\u2019amor i l\u2019amistat. Els sentiments omplen cadascuna de les p\u00e0gines d\u2019aquest \u00e0lbum il\u00b7lustrat, fins i tot aquelles p\u00e0gines que s\u00f3n completament blanques i que el lector ha d\u2019imaginar-se el que deu sentir el personatge en aquell prec\u00eds moment.<\/p>\n<h4><strong>De 1r a 3r de Prim\u00e0ria:\u00a0\u201cJUGUEM?\u201d.\u00a0Ilan Brenman, Rocio Bonilla (il\u00b7lustradora)<\/strong><\/h4>\n<p>Sinopsi: \u00a0Els dibuixos aquarel\u00b7lats de Rocio Bonilla, narren cadascuna de les situacions en qu\u00e8 en Pere, absort pel que veu en una pantalla o sent a trav\u00e9s d\u2019un reproductor, la tauleta t\u00e0ctil, el m\u00f2bil o la consola tot i que els seus amics i la seva fam\u00edlia el conviden a participar en els seus imaginatius jocs, ell prefereix seguir amb la pantalla.\u00a0Aconseguiran que descobreixi tot el que s\u2019est\u00e0 perden?. El valor del joc compartit amb els amics o la fam\u00edlia enfront de les solit\u00e0ries promeses fetes\u00a0pels dispositius electr\u00f2nics.<\/p>\n<h4><strong>De 4t. a 6\u00e8 de Prim\u00e0ria\u00a0\u201d L\u2019 ELEFANT ENCADENAT\u201d\u00a0Jorge Bucay. Gusti ( il\u00b7lustrador)<\/strong><\/h4>\n<p>Sinopsi: Des de que era molt petit, al protagonista de la nostra hist\u00f2ria li rondava una pregunta pel cap, per qu\u00e8 l\u2019 elefant del circ, un animal tan fort i poder\u00f3s, no s\u2019allibera de la petita estaca a la que el lliguen despr\u00e9s de la funci\u00f3. Un dia, un amic molt savi li d\u00f3na una resposta. La voleu saber?\u2026.<\/p>\n<p>Les il\u00b7lustracions s\u00f3n molt boniques; en Gusti barreja les aquarel\u00b7les amb el collage i el resultat \u00e9s molt original. Utilitza colors foscos i apagats que ajuden a transmetre la tristesa de la hist\u00f2ria.<\/p>\n<p>Tothom en algun moment de la vida fem com l\u2019elefant del circ. Vivim lligats a estaques que ens limiten la nostre llibertat. Sovint pensem que no ho podem fer perqu\u00e8 un dia ho vam intentar i no ho vam aconseguir.El conte ens explica doncs per qu\u00e8 actuem com actuem i qu\u00e8 podem fer per canviar-ho.<\/p>\n","protected":false},"excerpt":{"rendered":"<p>Aquest s\u00f3n els llibres il\u00b7lustrats que ens ha explicat la Isabel aquest mes de febrer:<br \/>\n<a href=\"https:\/\/agora.xtec.cat\/ceiptorresjonama\/wp-content\/uploads\/usu279\/2019\/09\/Conte-2018.jpg\"><\/a><br \/>\n&nbsp;<br \/>\nPer E. Infantil:\u00a0\u00a0\u201cEL LLE\u00d3 I L\u2019OCELL\u201d,Marianne Dubuc<br \/>\nSinopsi: Una \u00a0bonica hist\u00f2ria d\u2019amistat, la que protagonitzen un solitari lle\u00f3 i un ocell .Un dia, l\u2019ocell arriba malferit prop de la casa del&hellip;  <a href=\"https:\/\/agora.xtec.cat\/ceiptorresjonama\/activitats-biblioteca-escola\/a-lhora-del-patiun-conte\/\" title=\"Read A l\u2019hora del pati\u2026UN CONTE!\">Llegeix m\u00e9s\u00bb<\/a><\/p>\n","protected":false},"author":3,"featured_media":1675,"comment_status":"closed","ping_status":"closed","sticky":false,"template":"","format":"standard","meta":{"_bbp_topic_count":0,"_bbp_reply_count":0,"_bbp_total_topic_count":0,"_bbp_total_reply_count":0,"_bbp_voice_count":0,"_bbp_anonymous_reply_count":0,"_bbp_topic_count_hidden":0,"_bbp_reply_count_hidden":0,"_bbp_forum_subforum_count":0,"footnotes":""},"categories":[65],"tags":[],"class_list":["post-1863","post","type-post","status-publish","format-standard","has-post-thumbnail","hentry","category-activitats-biblioteca-escola"],"post_mailing_queue_ids":[],"_links":{"self":[{"href":"https:\/\/agora.xtec.cat\/ceiptorresjonama\/wp-json\/wp\/v2\/posts\/1863","targetHints":{"allow":["GET"]}}],"collection":[{"href":"https:\/\/agora.xtec.cat\/ceiptorresjonama\/wp-json\/wp\/v2\/posts"}],"about":[{"href":"https:\/\/agora.xtec.cat\/ceiptorresjonama\/wp-json\/wp\/v2\/types\/post"}],"author":[{"embeddable":true,"href":"https:\/\/agora.xtec.cat\/ceiptorresjonama\/wp-json\/wp\/v2\/users\/3"}],"replies":[{"embeddable":true,"href":"https:\/\/agora.xtec.cat\/ceiptorresjonama\/wp-json\/wp\/v2\/comments?post=1863"}],"version-history":[{"count":1,"href":"https:\/\/agora.xtec.cat\/ceiptorresjonama\/wp-json\/wp\/v2\/posts\/1863\/revisions"}],"predecessor-version":[{"id":1865,"href":"https:\/\/agora.xtec.cat\/ceiptorresjonama\/wp-json\/wp\/v2\/posts\/1863\/revisions\/1865"}],"wp:featuredmedia":[{"embeddable":true,"href":"https:\/\/agora.xtec.cat\/ceiptorresjonama\/wp-json\/wp\/v2\/media\/1675"}],"wp:attachment":[{"href":"https:\/\/agora.xtec.cat\/ceiptorresjonama\/wp-json\/wp\/v2\/media?parent=1863"}],"wp:term":[{"taxonomy":"category","embeddable":true,"href":"https:\/\/agora.xtec.cat\/ceiptorresjonama\/wp-json\/wp\/v2\/categories?post=1863"},{"taxonomy":"post_tag","embeddable":true,"href":"https:\/\/agora.xtec.cat\/ceiptorresjonama\/wp-json\/wp\/v2\/tags?post=1863"}],"curies":[{"name":"wp","href":"https:\/\/api.w.org\/{rel}","templated":true}]}}