{"id":1827,"date":"2017-04-27T21:41:54","date_gmt":"2017-04-27T19:41:54","guid":{"rendered":"https:\/\/agora.xtec.cat\/ceiptorresjonama\/?p=1827"},"modified":"2019-09-05T21:42:15","modified_gmt":"2019-09-05T19:42:15","slug":"a-lhora-del-pati-un-conte-2","status":"publish","type":"post","link":"https:\/\/agora.xtec.cat\/ceiptorresjonama\/activitats-biblioteca-escola\/a-lhora-del-pati-un-conte-2\/","title":{"rendered":"\u201cA l\u2019hora del pati \u2026 un conte!\u201d"},"content":{"rendered":"<p>Aquest mes d\u2019abril tocava l\u2019explicaci\u00f3 del llibre il\u00b7lustrat als i les alumnes de 4t, 5\u00e8 i 6\u00e8. La Isabel ens ha portat el llibre<strong><em>\u00a0\u201cL\u2019arbre gener\u00f2s\u201d\u00a0<\/em><\/strong>d\u2019en Shel Silverstein, reeditat recentment per l\u2019editorial Kalandraka.<\/p>\n<p>Amb aquest \u00e0lbum il\u00b7lustrat l\u2019autor aconsegueix emocionar-nos i ens fa pensar en el valor de l\u2019amistat l\u2019estimaci\u00f3, la generositat, l\u2019amor desinteressat que resisteix al pas del temps, aix\u00ed com la relaci\u00f3 amb el nostre planeta, agredit i maltractat constantment. La contraposici\u00f3 entre les necessitats materials i all\u00f2 intangible per tal d\u2019aconseguir la felicitat.<\/p>\n<p><a href=\"https:\/\/agora.xtec.cat\/ceiptorresjonama\/wp-content\/uploads\/usu279\/2019\/09\/Conte-abril.jpg\"><img loading=\"lazy\" decoding=\"async\" class=\"aligncenter size-full wp-image-1828\" src=\"https:\/\/agora.xtec.cat\/ceiptorresjonama\/wp-content\/uploads\/usu279\/2019\/09\/Conte-abril.jpg\" alt=\"\" width=\"456\" height=\"342\" srcset=\"https:\/\/agora.xtec.cat\/ceiptorresjonama\/wp-content\/uploads\/usu279\/2019\/09\/Conte-abril.jpg 456w, https:\/\/agora.xtec.cat\/ceiptorresjonama\/wp-content\/uploads\/usu279\/2019\/09\/Conte-abril-300x225.jpg 300w, https:\/\/agora.xtec.cat\/ceiptorresjonama\/wp-content\/uploads\/usu279\/2019\/09\/Conte-abril-200x150.jpg 200w\" sizes=\"auto, (max-width: 456px) 100vw, 456px\" \/><\/a><\/p>\n","protected":false},"excerpt":{"rendered":"<p>Aquest mes d\u2019abril tocava l\u2019explicaci\u00f3 del llibre il\u00b7lustrat als i les alumnes de 4t, 5\u00e8 i 6\u00e8. La Isabel ens ha portat el llibre\u00a0\u201cL\u2019arbre gener\u00f2s\u201d\u00a0d\u2019en Shel Silverstein, reeditat recentment per l\u2019editorial Kalandraka.<br \/>\nAmb aquest \u00e0lbum il\u00b7lustrat l\u2019autor aconsegueix emocionar-nos i ens fa pensar en el valor&hellip;  <a href=\"https:\/\/agora.xtec.cat\/ceiptorresjonama\/activitats-biblioteca-escola\/a-lhora-del-pati-un-conte-2\/\" title=\"Read \u201cA l\u2019hora del pati \u2026 un conte!\u201d\">Llegeix m\u00e9s\u00bb<\/a><\/p>\n","protected":false},"author":3,"featured_media":1675,"comment_status":"closed","ping_status":"closed","sticky":false,"template":"","format":"standard","meta":{"_bbp_topic_count":0,"_bbp_reply_count":0,"_bbp_total_topic_count":0,"_bbp_total_reply_count":0,"_bbp_voice_count":0,"_bbp_anonymous_reply_count":0,"_bbp_topic_count_hidden":0,"_bbp_reply_count_hidden":0,"_bbp_forum_subforum_count":0,"footnotes":""},"categories":[65],"tags":[],"class_list":["post-1827","post","type-post","status-publish","format-standard","has-post-thumbnail","hentry","category-activitats-biblioteca-escola"],"post_mailing_queue_ids":[],"_links":{"self":[{"href":"https:\/\/agora.xtec.cat\/ceiptorresjonama\/wp-json\/wp\/v2\/posts\/1827","targetHints":{"allow":["GET"]}}],"collection":[{"href":"https:\/\/agora.xtec.cat\/ceiptorresjonama\/wp-json\/wp\/v2\/posts"}],"about":[{"href":"https:\/\/agora.xtec.cat\/ceiptorresjonama\/wp-json\/wp\/v2\/types\/post"}],"author":[{"embeddable":true,"href":"https:\/\/agora.xtec.cat\/ceiptorresjonama\/wp-json\/wp\/v2\/users\/3"}],"replies":[{"embeddable":true,"href":"https:\/\/agora.xtec.cat\/ceiptorresjonama\/wp-json\/wp\/v2\/comments?post=1827"}],"version-history":[{"count":1,"href":"https:\/\/agora.xtec.cat\/ceiptorresjonama\/wp-json\/wp\/v2\/posts\/1827\/revisions"}],"predecessor-version":[{"id":1829,"href":"https:\/\/agora.xtec.cat\/ceiptorresjonama\/wp-json\/wp\/v2\/posts\/1827\/revisions\/1829"}],"wp:featuredmedia":[{"embeddable":true,"href":"https:\/\/agora.xtec.cat\/ceiptorresjonama\/wp-json\/wp\/v2\/media\/1675"}],"wp:attachment":[{"href":"https:\/\/agora.xtec.cat\/ceiptorresjonama\/wp-json\/wp\/v2\/media?parent=1827"}],"wp:term":[{"taxonomy":"category","embeddable":true,"href":"https:\/\/agora.xtec.cat\/ceiptorresjonama\/wp-json\/wp\/v2\/categories?post=1827"},{"taxonomy":"post_tag","embeddable":true,"href":"https:\/\/agora.xtec.cat\/ceiptorresjonama\/wp-json\/wp\/v2\/tags?post=1827"}],"curies":[{"name":"wp","href":"https:\/\/api.w.org\/{rel}","templated":true}]}}