{"id":1813,"date":"2017-04-10T21:33:38","date_gmt":"2017-04-10T19:33:38","guid":{"rendered":"https:\/\/agora.xtec.cat\/ceiptorresjonama\/?p=1813"},"modified":"2019-09-05T21:34:12","modified_gmt":"2019-09-05T19:34:12","slug":"a-lhora-del-pati-un-conte","status":"publish","type":"post","link":"https:\/\/agora.xtec.cat\/ceiptorresjonama\/activitats-biblioteca-escola\/a-lhora-del-pati-un-conte\/","title":{"rendered":"A l\u2019hora del pati \u2026un conte!"},"content":{"rendered":"<p>El dia 3 de mar\u00e7 la Isabel ens va llegir als nens i nenes de 1r,2n i 3r, aquests dos llibres il\u00b7lustrats:<\/p>\n<p><a href=\"https:\/\/agora.xtec.cat\/ceiptorresjonama\/wp-content\/uploads\/usu279\/2019\/09\/talcomets.jpg\"><img loading=\"lazy\" decoding=\"async\" class=\"alignleft size-full wp-image-1817\" src=\"https:\/\/agora.xtec.cat\/ceiptorresjonama\/wp-content\/uploads\/usu279\/2019\/09\/talcomets.jpg\" alt=\"\" width=\"196\" height=\"257\" \/><\/a><img loading=\"lazy\" decoding=\"async\" class=\"aligncenter size-full wp-image-1814\" src=\"https:\/\/agora.xtec.cat\/ceiptorresjonama\/wp-content\/uploads\/usu279\/2019\/09\/lili.jpg\" alt=\"\" width=\"234\" height=\"216\" \/><\/p>\n<p>&nbsp;<\/p>\n<p>\u201cLILI\u201d:\u00a0Una vegada en un poblet, hi vivia una nena que es deia Lili, Tenia una particularitat f\u00edsica que la feia \u00fanica i especial\u2026 La Lili tenia els\u00a0CABELLS\u00a0\u00a0del color del\u00a0FOC,\u00a0cremaven tot el que tocaven. Ser diferent li portava problemes. Per\u00f2 \u2026 i si ser diferent al final fos un avantatge?. Un meravell\u00f2s llibre il\u00b7lustrat \u00a0on s\u2019explica que tothom \u00e9s \u00fanic diferent i especial.<\/p>\n<p>\u201cTAL com ets, ETS EL MILLOR!\u201d.\u00a0La Nadia Budde ens regala una hist\u00f2ria plena de rodolins divertits i il.lustracions curioses\u2026 per\u00f2 qu\u00e8 est\u00e0 passant?, ning\u00fa est\u00e0 content tal com \u00e9s\u2026 sort que arriba en Marcel\u00b7li que t\u00e9 ben apresa la lli\u00e7\u00f3: Tal com ets , ets el \/la millor!!!.<\/p>\n<p>La Isabel ens va proposar que mir\u00e9ssim el mirall i descobr\u00edssim el tresor que amaga.\u00a0Aqu\u00ed podeu veure tots els tresors!!!!.<\/p>\n<p><a href=\"https:\/\/goo.gl\/photos\/xaoEuxjfP52SMudD6\" target=\"_blank\" rel=\"noopener noreferrer\"><img loading=\"lazy\" decoding=\"async\" class=\"alignleft size-full wp-image-1815\" src=\"https:\/\/agora.xtec.cat\/ceiptorresjonama\/wp-content\/uploads\/usu279\/2019\/09\/Lili1.jpg\" alt=\"\" width=\"293\" height=\"220\" srcset=\"https:\/\/agora.xtec.cat\/ceiptorresjonama\/wp-content\/uploads\/usu279\/2019\/09\/Lili1.jpg 293w, https:\/\/agora.xtec.cat\/ceiptorresjonama\/wp-content\/uploads\/usu279\/2019\/09\/Lili1-200x150.jpg 200w\" sizes=\"auto, (max-width: 293px) 100vw, 293px\" \/><\/a><a href=\"https:\/\/goo.gl\/photos\/MsXESPEJDZGeXEgR8\" target=\"_blank\" rel=\"noopener noreferrer\"><img loading=\"lazy\" decoding=\"async\" class=\"aligncenter size-full wp-image-1816\" src=\"https:\/\/agora.xtec.cat\/ceiptorresjonama\/wp-content\/uploads\/usu279\/2019\/09\/mirall.jpg\" alt=\"\" width=\"236\" height=\"261\" \/><\/a><\/p>\n<p>&nbsp;<\/p>\n","protected":false},"excerpt":{"rendered":"<p>El dia 3 de mar\u00e7 la Isabel ens va llegir als nens i nenes de 1r,2n i 3r, aquests dos llibres il\u00b7lustrats:<br \/>\n<a href=\"https:\/\/agora.xtec.cat\/ceiptorresjonama\/wp-content\/uploads\/usu279\/2019\/09\/talcomets.jpg\"><\/a><br \/>\n&nbsp;<br \/>\n\u201cLILI\u201d:\u00a0Una vegada en un poblet, hi vivia una nena que es deia Lili, Tenia una particularitat f\u00edsica que la feia \u00fanica i especial\u2026&hellip;  <a href=\"https:\/\/agora.xtec.cat\/ceiptorresjonama\/activitats-biblioteca-escola\/a-lhora-del-pati-un-conte\/\" title=\"Read A l\u2019hora del pati \u2026un conte!\">Llegeix m\u00e9s\u00bb<\/a><\/p>\n","protected":false},"author":3,"featured_media":1675,"comment_status":"closed","ping_status":"closed","sticky":false,"template":"","format":"standard","meta":{"_bbp_topic_count":0,"_bbp_reply_count":0,"_bbp_total_topic_count":0,"_bbp_total_reply_count":0,"_bbp_voice_count":0,"_bbp_anonymous_reply_count":0,"_bbp_topic_count_hidden":0,"_bbp_reply_count_hidden":0,"_bbp_forum_subforum_count":0,"footnotes":""},"categories":[65],"tags":[],"class_list":["post-1813","post","type-post","status-publish","format-standard","has-post-thumbnail","hentry","category-activitats-biblioteca-escola"],"post_mailing_queue_ids":[],"_links":{"self":[{"href":"https:\/\/agora.xtec.cat\/ceiptorresjonama\/wp-json\/wp\/v2\/posts\/1813","targetHints":{"allow":["GET"]}}],"collection":[{"href":"https:\/\/agora.xtec.cat\/ceiptorresjonama\/wp-json\/wp\/v2\/posts"}],"about":[{"href":"https:\/\/agora.xtec.cat\/ceiptorresjonama\/wp-json\/wp\/v2\/types\/post"}],"author":[{"embeddable":true,"href":"https:\/\/agora.xtec.cat\/ceiptorresjonama\/wp-json\/wp\/v2\/users\/3"}],"replies":[{"embeddable":true,"href":"https:\/\/agora.xtec.cat\/ceiptorresjonama\/wp-json\/wp\/v2\/comments?post=1813"}],"version-history":[{"count":1,"href":"https:\/\/agora.xtec.cat\/ceiptorresjonama\/wp-json\/wp\/v2\/posts\/1813\/revisions"}],"predecessor-version":[{"id":1818,"href":"https:\/\/agora.xtec.cat\/ceiptorresjonama\/wp-json\/wp\/v2\/posts\/1813\/revisions\/1818"}],"wp:featuredmedia":[{"embeddable":true,"href":"https:\/\/agora.xtec.cat\/ceiptorresjonama\/wp-json\/wp\/v2\/media\/1675"}],"wp:attachment":[{"href":"https:\/\/agora.xtec.cat\/ceiptorresjonama\/wp-json\/wp\/v2\/media?parent=1813"}],"wp:term":[{"taxonomy":"category","embeddable":true,"href":"https:\/\/agora.xtec.cat\/ceiptorresjonama\/wp-json\/wp\/v2\/categories?post=1813"},{"taxonomy":"post_tag","embeddable":true,"href":"https:\/\/agora.xtec.cat\/ceiptorresjonama\/wp-json\/wp\/v2\/tags?post=1813"}],"curies":[{"name":"wp","href":"https:\/\/api.w.org\/{rel}","templated":true}]}}