{"id":1800,"date":"2017-03-17T21:08:50","date_gmt":"2017-03-17T20:08:50","guid":{"rendered":"https:\/\/agora.xtec.cat\/ceiptorresjonama\/?p=1800"},"modified":"2019-09-05T21:18:25","modified_gmt":"2019-09-05T19:18:25","slug":"anna-manso","status":"publish","type":"post","link":"https:\/\/agora.xtec.cat\/ceiptorresjonama\/activitats-biblioteca-escola\/anna-manso\/","title":{"rendered":"ANNA MANSO"},"content":{"rendered":"<p>Dimarts 14 de mar\u00e7, a trav\u00e9s de la I<em>nstituci\u00f3 de les Lletres Catalanes<\/em>\u00a0amb el programa\u00a0<em>Autors a les aules<\/em>, ens ha visitat a la biblioteca de l\u2019escola \u00a0l\u2019 escriptora i guionista\u00a0<strong>Anna Manso.<\/strong><\/p>\n<p><a href=\"https:\/\/goo.gl\/photos\/9qeHXoxXk5forx9E6\" target=\"_blank\" rel=\"noopener noreferrer\"><img loading=\"lazy\" decoding=\"async\" class=\"aligncenter size-full wp-image-1801\" src=\"https:\/\/agora.xtec.cat\/ceiptorresjonama\/wp-content\/uploads\/usu279\/2019\/09\/AnnaManso.jpg\" alt=\"\" width=\"285\" height=\"270\" \/><\/a><\/p>\n<p>Els nens i nenes de sis\u00e8 \u00a0van con\u00e8ixer \u00a0la seva bibliografia fa dos anys llegint\u00a0<strong>\u201d L\u2019\u00faltim viol\u00ed\u201d\u00a0<\/strong>i els nens i nenes de cinqu\u00e8 el curs passat van llegir\u00a0<strong>\u201d Amics monstruosos\u201d<\/strong>. Aquests dos llibres formaven part del concurs\u00a0<strong>\u00a0Atrapallibres\u00a0<\/strong>dels cursos 2014\/2015 i del 2015\/2016.<\/p>\n<p>Degut a l\u2019\u00e8xit que va tenir la lectura d\u2019aquests dos llibres, els i les alumnes han continuat llegint altres t\u00edtols de la seva bibliografia. Aquest curs els i les alumnes de sis\u00e8 van escollir per llegir en el club de lectura \u00a0el llibre\u00a0<strong>\u201d Una noia N.O.R.M.A.L s\u2019ofereix de cangur\u201d.\u00a0<\/strong>Han realitzat les seg\u00fcents activitats:<\/p>\n<ul>\n<li>Lectures de fragments que els \u00a0hi agradava ( alumnes de sis\u00e8).<\/li>\n<li>Seguint la mateixa estructura de la paraula N.O.R.M.A.L, han elaborat la paraula que definia el seu caracter ( cinqu\u00e8 i sis\u00e8)<\/li>\n<li>Han analitzat algunes carater\u00edstiques de l\u2019escriptura de l\u2019 Anna Manso, utilitzaci\u00f3 de paraules en maj\u00fascula i adjectius, exageracions, vocabulari ric, variat i i entenedor, proper a l\u2019edat dels lectors\u2026 (sis\u00e8)<\/li>\n<li>Han comparat els 6 \u00a0t\u00edtols de la col\u00b7lecci\u00f3, i han observat el seus comen\u00e7aments, les seves tem\u00e0tiques, els finals de les hist\u00f2ries\u2026<\/li>\n<\/ul>\n<p style=\"text-align: center;\">Han realitzat un treball d\u2019investigaci\u00f3 sobre els il\u00b7lustradors dels llibres que tenim a la nostra biblioteca (sis\u00e8).<\/p>\n<p><a href=\"https:\/\/goo.gl\/photos\/8TiGuzpv16TBKzMc8\" target=\"_blank\" rel=\"noopener noreferrer\"><img loading=\"lazy\" decoding=\"async\" class=\"aligncenter size-full wp-image-1802\" src=\"https:\/\/agora.xtec.cat\/ceiptorresjonama\/wp-content\/uploads\/usu279\/2019\/09\/AnnaManso1.jpg\" alt=\"\" width=\"314\" height=\"236\" srcset=\"https:\/\/agora.xtec.cat\/ceiptorresjonama\/wp-content\/uploads\/usu279\/2019\/09\/AnnaManso1.jpg 314w, https:\/\/agora.xtec.cat\/ceiptorresjonama\/wp-content\/uploads\/usu279\/2019\/09\/AnnaManso1-300x225.jpg 300w, https:\/\/agora.xtec.cat\/ceiptorresjonama\/wp-content\/uploads\/usu279\/2019\/09\/AnnaManso1-200x150.jpg 200w\" sizes=\"auto, (max-width: 314px) 100vw, 314px\" \/><\/a><\/p>\n<p>De primer a sis\u00e8 a l\u2019 hora de la biblioteca s\u2019han llegit els llibres.\u00a0<strong>\u201cXocolata de taronja amarga\u201d\u00a0\u201cLa llista d\u2019aniversari\u201d \u00a0\u201cCara de gos\u201d.\u00a0<\/strong>Tamb\u00e9 vam exposar tots els llibres que tenim de l\u2019 Anna Manso<\/p>\n<p><a href=\"https:\/\/agora.xtec.cat\/ceiptorresjonama\/wp-content\/uploads\/usu279\/2019\/09\/Manso3.jpg\"><img loading=\"lazy\" decoding=\"async\" class=\"alignright size-full wp-image-1805\" src=\"https:\/\/agora.xtec.cat\/ceiptorresjonama\/wp-content\/uploads\/usu279\/2019\/09\/Manso3.jpg\" alt=\"\" width=\"226\" height=\"170\" srcset=\"https:\/\/agora.xtec.cat\/ceiptorresjonama\/wp-content\/uploads\/usu279\/2019\/09\/Manso3.jpg 226w, https:\/\/agora.xtec.cat\/ceiptorresjonama\/wp-content\/uploads\/usu279\/2019\/09\/Manso3-200x150.jpg 200w\" sizes=\"auto, (max-width: 226px) 100vw, 226px\" \/><\/a><\/p>\n<p>&nbsp;<\/p>\n<p><a href=\"https:\/\/agora.xtec.cat\/ceiptorresjonama\/wp-content\/uploads\/usu279\/2019\/09\/Manso2.jpg\"><img loading=\"lazy\" decoding=\"async\" class=\"alignleft wp-image-1804\" src=\"https:\/\/agora.xtec.cat\/ceiptorresjonama\/wp-content\/uploads\/usu279\/2019\/09\/Manso2.jpg\" alt=\"\" width=\"229\" height=\"173\" srcset=\"https:\/\/agora.xtec.cat\/ceiptorresjonama\/wp-content\/uploads\/usu279\/2019\/09\/Manso2.jpg 285w, https:\/\/agora.xtec.cat\/ceiptorresjonama\/wp-content\/uploads\/usu279\/2019\/09\/Manso2-200x150.jpg 200w\" sizes=\"auto, (max-width: 229px) 100vw, 229px\" \/><\/a><\/p>\n<p>&nbsp;<\/p>\n<p>&nbsp;<\/p>\n<p>&nbsp;<\/p>\n<p>&nbsp;<\/p>\n<p>&nbsp;<\/p>\n<p>&nbsp;<\/p>\n<p>Al final de les dues sessions tan interessants que ens va fer l\u2019 Anna Manso i despr\u00e8s de fer-li un munt de preguntes li vam regalar un llibre abecedari,\u00a0<strong>\u201cL\u2019 Abecedari de l\u2019Anna\u201d<\/strong>,a cada p\u00e0gina hi ha una lletra de l\u2019abecedari, una paraula que surt en algun dels seus llibres \u00a0que comen\u00e7a amb aquesta lletra, el seu dibuix i el t\u00edtol del llibre on apareix.<\/p>\n<p><a href=\"https:\/\/goo.gl\/photos\/xbu29ahJRJW7RYQm7\" target=\"_blank\" rel=\"noopener noreferrer\"><img loading=\"lazy\" decoding=\"async\" class=\"aligncenter size-full wp-image-1807\" src=\"https:\/\/agora.xtec.cat\/ceiptorresjonama\/wp-content\/uploads\/usu279\/2019\/09\/Mansofinal.jpg\" alt=\"\" width=\"303\" height=\"227\" srcset=\"https:\/\/agora.xtec.cat\/ceiptorresjonama\/wp-content\/uploads\/usu279\/2019\/09\/Mansofinal.jpg 303w, https:\/\/agora.xtec.cat\/ceiptorresjonama\/wp-content\/uploads\/usu279\/2019\/09\/Mansofinal-300x225.jpg 300w, https:\/\/agora.xtec.cat\/ceiptorresjonama\/wp-content\/uploads\/usu279\/2019\/09\/Mansofinal-200x150.jpg 200w\" sizes=\"auto, (max-width: 303px) 100vw, 303px\" \/><\/a><\/p>\n<p>&nbsp;<\/p>\n","protected":false},"excerpt":{"rendered":"<p>Dimarts 14 de mar\u00e7, a trav\u00e9s de la Instituci\u00f3 de les Lletres Catalanes\u00a0amb el programa\u00a0Autors a les aules, ens ha visitat a la biblioteca de l\u2019escola \u00a0l\u2019 escriptora i guionista\u00a0Anna Manso.<br \/>\n<a href=\"https:\/\/goo.gl\/photos\/9qeHXoxXk5forx9E6\" target=\"_blank\" rel=\"noopener noreferrer\"><\/a><br \/>\nEls nens i nenes de sis\u00e8 \u00a0van con\u00e8ixer \u00a0la seva bibliografia&hellip;  <a href=\"https:\/\/agora.xtec.cat\/ceiptorresjonama\/activitats-biblioteca-escola\/anna-manso\/\" title=\"Read ANNA MANSO\">Llegeix m\u00e9s\u00bb<\/a><\/p>\n","protected":false},"author":3,"featured_media":1675,"comment_status":"closed","ping_status":"closed","sticky":false,"template":"","format":"standard","meta":{"_bbp_topic_count":0,"_bbp_reply_count":0,"_bbp_total_topic_count":0,"_bbp_total_reply_count":0,"_bbp_voice_count":0,"_bbp_anonymous_reply_count":0,"_bbp_topic_count_hidden":0,"_bbp_reply_count_hidden":0,"_bbp_forum_subforum_count":0,"footnotes":""},"categories":[65],"tags":[],"class_list":["post-1800","post","type-post","status-publish","format-standard","has-post-thumbnail","hentry","category-activitats-biblioteca-escola"],"post_mailing_queue_ids":[],"_links":{"self":[{"href":"https:\/\/agora.xtec.cat\/ceiptorresjonama\/wp-json\/wp\/v2\/posts\/1800","targetHints":{"allow":["GET"]}}],"collection":[{"href":"https:\/\/agora.xtec.cat\/ceiptorresjonama\/wp-json\/wp\/v2\/posts"}],"about":[{"href":"https:\/\/agora.xtec.cat\/ceiptorresjonama\/wp-json\/wp\/v2\/types\/post"}],"author":[{"embeddable":true,"href":"https:\/\/agora.xtec.cat\/ceiptorresjonama\/wp-json\/wp\/v2\/users\/3"}],"replies":[{"embeddable":true,"href":"https:\/\/agora.xtec.cat\/ceiptorresjonama\/wp-json\/wp\/v2\/comments?post=1800"}],"version-history":[{"count":3,"href":"https:\/\/agora.xtec.cat\/ceiptorresjonama\/wp-json\/wp\/v2\/posts\/1800\/revisions"}],"predecessor-version":[{"id":1809,"href":"https:\/\/agora.xtec.cat\/ceiptorresjonama\/wp-json\/wp\/v2\/posts\/1800\/revisions\/1809"}],"wp:featuredmedia":[{"embeddable":true,"href":"https:\/\/agora.xtec.cat\/ceiptorresjonama\/wp-json\/wp\/v2\/media\/1675"}],"wp:attachment":[{"href":"https:\/\/agora.xtec.cat\/ceiptorresjonama\/wp-json\/wp\/v2\/media?parent=1800"}],"wp:term":[{"taxonomy":"category","embeddable":true,"href":"https:\/\/agora.xtec.cat\/ceiptorresjonama\/wp-json\/wp\/v2\/categories?post=1800"},{"taxonomy":"post_tag","embeddable":true,"href":"https:\/\/agora.xtec.cat\/ceiptorresjonama\/wp-json\/wp\/v2\/tags?post=1800"}],"curies":[{"name":"wp","href":"https:\/\/api.w.org\/{rel}","templated":true}]}}