{"id":1777,"date":"2016-02-28T20:28:11","date_gmt":"2016-02-28T19:28:11","guid":{"rendered":"https:\/\/agora.xtec.cat\/ceiptorresjonama\/?p=1777"},"modified":"2019-09-05T20:28:50","modified_gmt":"2019-09-05T18:28:50","slug":"gemma-armengol","status":"publish","type":"post","link":"https:\/\/agora.xtec.cat\/ceiptorresjonama\/activitats-biblioteca-escola\/gemma-armengol\/","title":{"rendered":"GEMMA ARMENGOL"},"content":{"rendered":"<p>Dimecres 24 de febrer de 2016,l\u2019escriptora Gemma Armengol ens va fer una visita. Durant algunes setmanes els nens i nenes de P-5 i primer v\u00e0rem estar treballant el llibre \u00a0<em><strong>\u201cLa ploma\u201d \u00a0<\/strong><\/em>de la col\u00b7lecci\u00f3 \u00a0\u201cLes bestioles del jard\u00ed\u201d.Tamb\u00e9 v\u00e0rem llegir i explicar altres contes d\u2019aquesta mateixa col\u00b7lecci\u00f3. Els tenim tots a la biblioteca !.<\/p>\n<p>La Gemma ens va demanar que l\u2019ajud\u00e9ssim a\u00a0acabar \u00a0un conte que estava escrivint i que no tenia final. I aix\u00ed ho v\u00e0rem fer, ens va agradar molt poder-la ajudar , fent \u201cd\u2019escriptors\u201d, imaginant i pensant quin podria ser el final d\u2019aquell conte que havia dibuixat l\u2019 \u00d2scar Julve.<\/p>\n<p>Al finalitzar l\u2019activitat li v\u00e0rem poder fer preguntes i v\u00e0rem aprofitar per regalar-li una col\u00b7lecci\u00f3 de plomes que hav\u00edem anat recollint entre tots i totes, al carrer, al pati de l\u2019escola\u2026<\/p>\n<p>Els nens i nenes de P-5 \u00a0hav\u00edem fet una nova il\u00b7lustraci\u00f3 del conte \u00a0<em><strong>\u201cLa ploma\u201d<\/strong><\/em>\u00a0(no hav\u00edem vist les il\u00b7lustracions,nom\u00e9s ens havien llegit el conte)<em><strong>\u00a0\u00a0<\/strong><\/em>va ser el nostre regal, i li va agradar molt!!!.<\/p>\n<p>Els nens i nenes de primer ens v\u00e0rem atrevir a fer d\u2019escriptors\/es, tot elaborant un nou relat a partir de les imatges de l\u2019\u00d2scar Julve (no haviem llegit el conte nom\u00e9s vam mirar les imatges). per suposat que tamb\u00e9 li va agradar molt!!!.<\/p>\n<p>Gr\u00e0cies Gemma per venir a la nostra escola!!!<\/p>\n<p>Cliqueu a les fotos\u2026.ja veureu com us agradar\u00e0!.<\/p>\n<p><a href=\"https:\/\/photos.app.goo.gl\/CMmJHRTZXuuPE1kF8\" target=\"_blank\" rel=\"noopener noreferrer\"><img loading=\"lazy\" decoding=\"async\" class=\"alignright size-full wp-image-1778\" src=\"https:\/\/agora.xtec.cat\/ceiptorresjonama\/wp-content\/uploads\/usu279\/2019\/09\/Gemma.jpg\" alt=\"\" width=\"216\" height=\"162\" srcset=\"https:\/\/agora.xtec.cat\/ceiptorresjonama\/wp-content\/uploads\/usu279\/2019\/09\/Gemma.jpg 216w, https:\/\/agora.xtec.cat\/ceiptorresjonama\/wp-content\/uploads\/usu279\/2019\/09\/Gemma-200x150.jpg 200w\" sizes=\"auto, (max-width: 216px) 100vw, 216px\" \/><\/a><a href=\"https:\/\/photos.app.goo.gl\/kPHAvrC7GA7dHZnN8\" target=\"_blank\" rel=\"noopener noreferrer\"><img loading=\"lazy\" decoding=\"async\" class=\"wp-image-1780 alignleft\" src=\"https:\/\/agora.xtec.cat\/ceiptorresjonama\/wp-content\/uploads\/usu279\/2019\/09\/La-Ploma.jpg\" alt=\"\" width=\"213\" height=\"160\" srcset=\"https:\/\/agora.xtec.cat\/ceiptorresjonama\/wp-content\/uploads\/usu279\/2019\/09\/La-Ploma.jpg 268w, https:\/\/agora.xtec.cat\/ceiptorresjonama\/wp-content\/uploads\/usu279\/2019\/09\/La-Ploma-200x150.jpg 200w\" sizes=\"auto, (max-width: 213px) 100vw, 213px\" \/><\/a><\/p>\n<p>&nbsp;<\/p>\n<p>&nbsp;<\/p>\n<p>&nbsp;<\/p>\n<p><a href=\"https:\/\/photos.app.goo.gl\/fJBJxQCcxphgDUcJ9\" target=\"_blank\" rel=\"noopener noreferrer\"><br \/>\n<img loading=\"lazy\" decoding=\"async\" class=\"size-full wp-image-1779 aligncenter\" src=\"https:\/\/agora.xtec.cat\/ceiptorresjonama\/wp-content\/uploads\/usu279\/2019\/09\/Gemma1.jpg\" alt=\"\" width=\"199\" height=\"149\" \/><\/a><\/p>\n","protected":false},"excerpt":{"rendered":"<p>Dimecres 24 de febrer de 2016,l\u2019escriptora Gemma Armengol ens va fer una visita. Durant algunes setmanes els nens i nenes de P-5 i primer v\u00e0rem estar treballant el llibre \u00a0\u201cLa ploma\u201d \u00a0de la col\u00b7lecci\u00f3 \u00a0\u201cLes bestioles del jard\u00ed\u201d.Tamb\u00e9 v\u00e0rem llegir i explicar altres contes d\u2019aquesta&hellip;  <a href=\"https:\/\/agora.xtec.cat\/ceiptorresjonama\/activitats-biblioteca-escola\/gemma-armengol\/\" title=\"Read GEMMA ARMENGOL\">Llegeix m\u00e9s\u00bb<\/a><\/p>\n","protected":false},"author":3,"featured_media":1675,"comment_status":"closed","ping_status":"closed","sticky":false,"template":"","format":"standard","meta":{"_bbp_topic_count":0,"_bbp_reply_count":0,"_bbp_total_topic_count":0,"_bbp_total_reply_count":0,"_bbp_voice_count":0,"_bbp_anonymous_reply_count":0,"_bbp_topic_count_hidden":0,"_bbp_reply_count_hidden":0,"_bbp_forum_subforum_count":0,"footnotes":""},"categories":[65],"tags":[],"class_list":["post-1777","post","type-post","status-publish","format-standard","has-post-thumbnail","hentry","category-activitats-biblioteca-escola"],"post_mailing_queue_ids":[],"_links":{"self":[{"href":"https:\/\/agora.xtec.cat\/ceiptorresjonama\/wp-json\/wp\/v2\/posts\/1777","targetHints":{"allow":["GET"]}}],"collection":[{"href":"https:\/\/agora.xtec.cat\/ceiptorresjonama\/wp-json\/wp\/v2\/posts"}],"about":[{"href":"https:\/\/agora.xtec.cat\/ceiptorresjonama\/wp-json\/wp\/v2\/types\/post"}],"author":[{"embeddable":true,"href":"https:\/\/agora.xtec.cat\/ceiptorresjonama\/wp-json\/wp\/v2\/users\/3"}],"replies":[{"embeddable":true,"href":"https:\/\/agora.xtec.cat\/ceiptorresjonama\/wp-json\/wp\/v2\/comments?post=1777"}],"version-history":[{"count":1,"href":"https:\/\/agora.xtec.cat\/ceiptorresjonama\/wp-json\/wp\/v2\/posts\/1777\/revisions"}],"predecessor-version":[{"id":1781,"href":"https:\/\/agora.xtec.cat\/ceiptorresjonama\/wp-json\/wp\/v2\/posts\/1777\/revisions\/1781"}],"wp:featuredmedia":[{"embeddable":true,"href":"https:\/\/agora.xtec.cat\/ceiptorresjonama\/wp-json\/wp\/v2\/media\/1675"}],"wp:attachment":[{"href":"https:\/\/agora.xtec.cat\/ceiptorresjonama\/wp-json\/wp\/v2\/media?parent=1777"}],"wp:term":[{"taxonomy":"category","embeddable":true,"href":"https:\/\/agora.xtec.cat\/ceiptorresjonama\/wp-json\/wp\/v2\/categories?post=1777"},{"taxonomy":"post_tag","embeddable":true,"href":"https:\/\/agora.xtec.cat\/ceiptorresjonama\/wp-json\/wp\/v2\/tags?post=1777"}],"curies":[{"name":"wp","href":"https:\/\/api.w.org\/{rel}","templated":true}]}}