{"id":1759,"date":"2015-11-29T19:55:37","date_gmt":"2015-11-29T18:55:37","guid":{"rendered":"https:\/\/agora.xtec.cat\/ceiptorresjonama\/?p=1759"},"modified":"2019-09-05T19:55:57","modified_gmt":"2019-09-05T17:55:57","slug":"decoracio-vidres","status":"publish","type":"post","link":"https:\/\/agora.xtec.cat\/ceiptorresjonama\/activitats-biblioteca-escola\/decoracio-vidres\/","title":{"rendered":"DECORACI\u00d3 VIDRES"},"content":{"rendered":"<p>Aquest curs escolar hem dedicat la decoraci\u00f3 dels vidres a les \u00e0rees en les que tenim classificats els nostres llibres a la biblioteca.<\/p>\n<p>Tots els nens i nenes han observat, investigat\u2026 de quina manera estan organitzats els llibres de coneixements.S\u2019han adonat que estaven classificats per \u00e0rees: socials, ci\u00e8ncies, pl\u00e0stica, \u2026 i dins de cada \u00e0rea hi ha apartats, per exemple a l\u2019\u00e0rea de ci\u00e8ncies hi ha els apartats d\u2019animals, plantes, meteorologia\u2026<\/p>\n<p>Cada nen\/a ha pintat una de les lletres i les hem col\u00b7locat en els vidres tot entrella\u00e7ant-les com si fossin mots encreuats.<\/p>\n<p><a href=\"https:\/\/agora.xtec.cat\/ceiptorresjonama\/wp-content\/uploads\/usu279\/2019\/09\/vidres.jpg\"><img loading=\"lazy\" decoding=\"async\" class=\"alignleft size-full wp-image-1760\" src=\"https:\/\/agora.xtec.cat\/ceiptorresjonama\/wp-content\/uploads\/usu279\/2019\/09\/vidres.jpg\" alt=\"\" width=\"261\" height=\"196\" srcset=\"https:\/\/agora.xtec.cat\/ceiptorresjonama\/wp-content\/uploads\/usu279\/2019\/09\/vidres.jpg 261w, https:\/\/agora.xtec.cat\/ceiptorresjonama\/wp-content\/uploads\/usu279\/2019\/09\/vidres-200x150.jpg 200w\" sizes=\"auto, (max-width: 261px) 100vw, 261px\" \/><\/a><a href=\"https:\/\/agora.xtec.cat\/ceiptorresjonama\/wp-content\/uploads\/usu279\/2019\/09\/vidres1.jpg\"><img loading=\"lazy\" decoding=\"async\" class=\"alignright size-full wp-image-1761\" src=\"https:\/\/agora.xtec.cat\/ceiptorresjonama\/wp-content\/uploads\/usu279\/2019\/09\/vidres1.jpg\" alt=\"\" width=\"264\" height=\"198\" srcset=\"https:\/\/agora.xtec.cat\/ceiptorresjonama\/wp-content\/uploads\/usu279\/2019\/09\/vidres1.jpg 264w, https:\/\/agora.xtec.cat\/ceiptorresjonama\/wp-content\/uploads\/usu279\/2019\/09\/vidres1-200x150.jpg 200w\" sizes=\"auto, (max-width: 264px) 100vw, 264px\" \/><\/a><\/p>\n","protected":false},"excerpt":{"rendered":"<p>Aquest curs escolar hem dedicat la decoraci\u00f3 dels vidres a les \u00e0rees en les que tenim classificats els nostres llibres a la biblioteca.<br \/>\nTots els nens i nenes han observat, investigat\u2026 de quina manera estan organitzats els llibres de coneixements.S\u2019han adonat que estaven classificats per \u00e0rees:&hellip;  <a href=\"https:\/\/agora.xtec.cat\/ceiptorresjonama\/activitats-biblioteca-escola\/decoracio-vidres\/\" title=\"Read DECORACI\u00d3 VIDRES\">Llegeix m\u00e9s\u00bb<\/a><\/p>\n","protected":false},"author":3,"featured_media":1675,"comment_status":"closed","ping_status":"closed","sticky":false,"template":"","format":"standard","meta":{"_bbp_topic_count":0,"_bbp_reply_count":0,"_bbp_total_topic_count":0,"_bbp_total_reply_count":0,"_bbp_voice_count":0,"_bbp_anonymous_reply_count":0,"_bbp_topic_count_hidden":0,"_bbp_reply_count_hidden":0,"_bbp_forum_subforum_count":0,"footnotes":""},"categories":[65],"tags":[],"class_list":["post-1759","post","type-post","status-publish","format-standard","has-post-thumbnail","hentry","category-activitats-biblioteca-escola"],"post_mailing_queue_ids":[],"_links":{"self":[{"href":"https:\/\/agora.xtec.cat\/ceiptorresjonama\/wp-json\/wp\/v2\/posts\/1759","targetHints":{"allow":["GET"]}}],"collection":[{"href":"https:\/\/agora.xtec.cat\/ceiptorresjonama\/wp-json\/wp\/v2\/posts"}],"about":[{"href":"https:\/\/agora.xtec.cat\/ceiptorresjonama\/wp-json\/wp\/v2\/types\/post"}],"author":[{"embeddable":true,"href":"https:\/\/agora.xtec.cat\/ceiptorresjonama\/wp-json\/wp\/v2\/users\/3"}],"replies":[{"embeddable":true,"href":"https:\/\/agora.xtec.cat\/ceiptorresjonama\/wp-json\/wp\/v2\/comments?post=1759"}],"version-history":[{"count":1,"href":"https:\/\/agora.xtec.cat\/ceiptorresjonama\/wp-json\/wp\/v2\/posts\/1759\/revisions"}],"predecessor-version":[{"id":1762,"href":"https:\/\/agora.xtec.cat\/ceiptorresjonama\/wp-json\/wp\/v2\/posts\/1759\/revisions\/1762"}],"wp:featuredmedia":[{"embeddable":true,"href":"https:\/\/agora.xtec.cat\/ceiptorresjonama\/wp-json\/wp\/v2\/media\/1675"}],"wp:attachment":[{"href":"https:\/\/agora.xtec.cat\/ceiptorresjonama\/wp-json\/wp\/v2\/media?parent=1759"}],"wp:term":[{"taxonomy":"category","embeddable":true,"href":"https:\/\/agora.xtec.cat\/ceiptorresjonama\/wp-json\/wp\/v2\/categories?post=1759"},{"taxonomy":"post_tag","embeddable":true,"href":"https:\/\/agora.xtec.cat\/ceiptorresjonama\/wp-json\/wp\/v2\/tags?post=1759"}],"curies":[{"name":"wp","href":"https:\/\/api.w.org\/{rel}","templated":true}]}}