{"id":1668,"date":"2019-08-20T20:04:04","date_gmt":"2019-08-20T18:04:04","guid":{"rendered":"https:\/\/agora.xtec.cat\/ceiptorresjonama\/?p=1668"},"modified":"2019-08-20T20:04:04","modified_gmt":"2019-08-20T18:04:04","slug":"excursio-a-empuries-i-colonies-al-mas-gircos","status":"publish","type":"post","link":"https:\/\/agora.xtec.cat\/ceiptorresjonama\/primaria\/excursio-a-empuries-i-colonies-al-mas-gircos\/","title":{"rendered":"Excursi\u00f3 a  Emp\u00faries i col\u00f2nies al Mas Girc\u00f3s"},"content":{"rendered":"<p style=\"text-align: left;\">Benvolgudes fam\u00edlies,<\/p>\n<p style=\"text-align: left;\">Compartim amb vosaltres l&#8217;\u00e0lbum de fotografies de l&#8217;\u00faltima excursi\u00f3 a les ru\u00efnes d&#8217;Emp\u00faries. A part de la visita guiada i &#8220;teatralitzada&#8221;, en la qual vam aprendre molt\u00edssimes coses, tamb\u00e9 vam fer un taller de creaci\u00f3 de mosaics molt interessant.<\/p>\n<p style=\"text-align: left;\">Per altra banda, compartim l&#8217;\u00e0lbum amb les fotografies de les col\u00f2nies al Mas Girc\u00f3s. Durant els tres dies de les col\u00f2nies vam aprendre moltes coses sobre el Parc Natural de la zona volc\u00e0nica de la Garrotxa i els m\u00e9s de quaranta cons volc\u00e0nics que en formen part. Els monitors ens van organitzar en diversos grups i activitats i, a part d&#8217;aprendre moltes coses, ens ho vam passar d&#8217;all\u00f2 m\u00e9s b\u00e9.<\/p>\n<p>Podeu accedir als \u00e0lbums clicant al damunt de les dues fotografies.<\/p>\n<p>Excursi\u00f3 a Emp\u00faries:<\/p>\n<p><a href=\"https:\/\/photos.app.goo.gl\/eKEWgHBNB3qk8Zor7\" target=\"_blank\" rel=\"noopener noreferrer\"><img loading=\"lazy\" decoding=\"async\" class=\" wp-image-1669 aligncenter\" src=\"https:\/\/agora.xtec.cat\/ceiptorresjonama\/wp-content\/uploads\/usu279\/2019\/08\/Mas-Girc\u00f3s-Col\u00f2nies-CS.jpg\" alt=\"\" width=\"439\" height=\"329\" srcset=\"https:\/\/agora.xtec.cat\/ceiptorresjonama\/wp-content\/uploads\/usu279\/2019\/08\/Mas-Girc\u00f3s-Col\u00f2nies-CS.jpg 584w, https:\/\/agora.xtec.cat\/ceiptorresjonama\/wp-content\/uploads\/usu279\/2019\/08\/Mas-Girc\u00f3s-Col\u00f2nies-CS-300x225.jpg 300w, https:\/\/agora.xtec.cat\/ceiptorresjonama\/wp-content\/uploads\/usu279\/2019\/08\/Mas-Girc\u00f3s-Col\u00f2nies-CS-200x150.jpg 200w\" sizes=\"auto, (max-width: 439px) 100vw, 439px\" \/><\/a><\/p>\n<p>&nbsp;<\/p>\n<p>Col\u00f2nies al Mas Girc\u00f3s:<\/p>\n<p><a href=\"https:\/\/photos.app.goo.gl\/kRMiZAmKU1Zyp4SU7\" target=\"_blank\" rel=\"noopener noreferrer\"><img loading=\"lazy\" decoding=\"async\" class=\" wp-image-1670\" src=\"https:\/\/agora.xtec.cat\/ceiptorresjonama\/wp-content\/uploads\/usu279\/2019\/08\/Col\u00f2nies-Mas-Girc\u00f3s-CS-1.jpg\" alt=\"\" width=\"437\" height=\"328\" srcset=\"https:\/\/agora.xtec.cat\/ceiptorresjonama\/wp-content\/uploads\/usu279\/2019\/08\/Col\u00f2nies-Mas-Girc\u00f3s-CS-1.jpg 584w, https:\/\/agora.xtec.cat\/ceiptorresjonama\/wp-content\/uploads\/usu279\/2019\/08\/Col\u00f2nies-Mas-Girc\u00f3s-CS-1-300x225.jpg 300w, https:\/\/agora.xtec.cat\/ceiptorresjonama\/wp-content\/uploads\/usu279\/2019\/08\/Col\u00f2nies-Mas-Girc\u00f3s-CS-1-200x150.jpg 200w\" sizes=\"auto, (max-width: 437px) 100vw, 437px\" \/><\/a><\/p>\n<p>&nbsp;<\/p>\n","protected":false},"excerpt":{"rendered":"<p>Benvolgudes fam\u00edlies,<br \/>\nCompartim amb vosaltres l&#8217;\u00e0lbum de fotografies de l&#8217;\u00faltima excursi\u00f3 a les ru\u00efnes d&#8217;Emp\u00faries. A part de la visita guiada i &#8220;teatralitzada&#8221;, en la qual vam aprendre molt\u00edssimes coses, tamb\u00e9 vam fer un taller de creaci\u00f3 de mosaics molt interessant.<br \/>\nPer altra banda, compartim l&#8217;\u00e0lbum amb&hellip;  <a href=\"https:\/\/agora.xtec.cat\/ceiptorresjonama\/primaria\/excursio-a-empuries-i-colonies-al-mas-gircos\/\" title=\"Read Excursi\u00f3 a  Emp\u00faries i col\u00f2nies al Mas Girc\u00f3s\">Llegeix m\u00e9s\u00bb<\/a><\/p>\n","protected":false},"author":3,"featured_media":1669,"comment_status":"closed","ping_status":"closed","sticky":false,"template":"","format":"standard","meta":{"_bbp_topic_count":0,"_bbp_reply_count":0,"_bbp_total_topic_count":0,"_bbp_total_reply_count":0,"_bbp_voice_count":0,"_bbp_anonymous_reply_count":0,"_bbp_topic_count_hidden":0,"_bbp_reply_count_hidden":0,"_bbp_forum_subforum_count":0,"footnotes":""},"categories":[5],"tags":[],"class_list":["post-1668","post","type-post","status-publish","format-standard","has-post-thumbnail","hentry","category-primaria"],"post_mailing_queue_ids":[],"_links":{"self":[{"href":"https:\/\/agora.xtec.cat\/ceiptorresjonama\/wp-json\/wp\/v2\/posts\/1668","targetHints":{"allow":["GET"]}}],"collection":[{"href":"https:\/\/agora.xtec.cat\/ceiptorresjonama\/wp-json\/wp\/v2\/posts"}],"about":[{"href":"https:\/\/agora.xtec.cat\/ceiptorresjonama\/wp-json\/wp\/v2\/types\/post"}],"author":[{"embeddable":true,"href":"https:\/\/agora.xtec.cat\/ceiptorresjonama\/wp-json\/wp\/v2\/users\/3"}],"replies":[{"embeddable":true,"href":"https:\/\/agora.xtec.cat\/ceiptorresjonama\/wp-json\/wp\/v2\/comments?post=1668"}],"version-history":[{"count":1,"href":"https:\/\/agora.xtec.cat\/ceiptorresjonama\/wp-json\/wp\/v2\/posts\/1668\/revisions"}],"predecessor-version":[{"id":1671,"href":"https:\/\/agora.xtec.cat\/ceiptorresjonama\/wp-json\/wp\/v2\/posts\/1668\/revisions\/1671"}],"wp:featuredmedia":[{"embeddable":true,"href":"https:\/\/agora.xtec.cat\/ceiptorresjonama\/wp-json\/wp\/v2\/media\/1669"}],"wp:attachment":[{"href":"https:\/\/agora.xtec.cat\/ceiptorresjonama\/wp-json\/wp\/v2\/media?parent=1668"}],"wp:term":[{"taxonomy":"category","embeddable":true,"href":"https:\/\/agora.xtec.cat\/ceiptorresjonama\/wp-json\/wp\/v2\/categories?post=1668"},{"taxonomy":"post_tag","embeddable":true,"href":"https:\/\/agora.xtec.cat\/ceiptorresjonama\/wp-json\/wp\/v2\/tags?post=1668"}],"curies":[{"name":"wp","href":"https:\/\/api.w.org\/{rel}","templated":true}]}}