{"id":1660,"date":"2019-08-20T19:42:03","date_gmt":"2019-08-20T17:42:03","guid":{"rendered":"https:\/\/agora.xtec.cat\/ceiptorresjonama\/?p=1660"},"modified":"2019-08-20T19:42:03","modified_gmt":"2019-08-20T17:42:03","slug":"excursio-josep-pla","status":"publish","type":"post","link":"https:\/\/agora.xtec.cat\/ceiptorresjonama\/primaria\/excursio-josep-pla\/","title":{"rendered":"Excursi\u00f3: Josep Pla"},"content":{"rendered":"<p style=\"text-align: justify;\">Benvolgudes fam\u00edlies,<\/p>\n<p style=\"text-align: justify;\">Volem compartir amb vosaltres l&#8217;\u00e0lbum de fotografies de la sortida del divendres passat, dia 30 de novembre. Fa temps que treballem al voltant de la vida i obra d&#8217;aquest escriptor tant important del nostre territori, per\u00f2, a m\u00e9s a m\u00e9s, l&#8217;hem pogut relacionar amb la vida i obra d&#8217;en Pompeu Fabra (treballat durant la setmana de l&#8217;eix), ambd\u00f3s de gran import\u00e0ncia pel que fa a la llengua i la literatura catalana del passat, i tamb\u00e9 del present.<\/p>\n<p style=\"text-align: justify;\">Aquest divendres, doncs, i malgrat que no vam tenir un bon dia, amb una mica de pluja i fred, ens ho vam passar d&#8217;all\u00f2 m\u00e9s b\u00e9, i vam concloure els nostres aprenentatges sobre la tem\u00e0tica &#8220;Pla&#8221; amb un recorregut molt &#8220;significatiu&#8221;:<\/p>\n<p style=\"text-align: justify;\">Primer vam visitar la Fundaci\u00f3 que hi ha en honor seu, situada just al costat de la casa on va n\u00e9ixer, i vam rec\u00f3rrer els carrers i alguns indrets de Palafrugell (elaborant la nostra pr\u00f2pia &#8220;ruta d&#8217;en Josep Pla&#8221;), amb la lectura d&#8217;alguns fragments dels seus escrits per part dels alumnes. Vam anar al Far de Sant Sebasti\u00e0 on vam continuar amb les lectures i els aprenentatges i, fins i tot, vam poder visitar i pujar fins la part m\u00e9s alta de la torre de vigil\u00e0ncia situada all\u00e0 mateix, just al costat de l&#8217;antiga hostatgeria (l&#8217;actual hotel). Tamb\u00e9 vam poder contemplar, no nom\u00e9s el Far (del qual n&#8217;hem apr\u00e8s moltes coses que desconeix\u00edem), sin\u00f3 tamb\u00e9 el poblat ib\u00e8ric, i d&#8217;altres punts m\u00e9s llunyans que vam ser capa\u00e7os de distingir des de la dist\u00e0ncia (les Illes Formigues, Puig d&#8217;Arques&#8230;).<\/p>\n<p style=\"text-align: justify;\">Vam acabar la sortida dinant i jugant a la platja de Tamariu on, des de la mirada de l&#8217;escriptor (a partir d&#8217;un dels seus escrits), vam poder contrastar &#8220;in situ&#8221; la platja i l&#8217;entorn d&#8217;abans i d&#8217;ara. Un entorn que, malgrat passi el temps, tenia, t\u00e9 i tindr\u00e0 sempre una bellesa d&#8217;un valor incalculable, valorada, potser a vegades no prou, pels qui podem gaudir-ne sense presses, com quan ell la contemplava.<\/p>\n<p><a href=\"https:\/\/photos.app.goo.gl\/QrLJvVavwEwcsgcM7\" target=\"_blank\" rel=\"noopener noreferrer\"><img loading=\"lazy\" decoding=\"async\" class=\"size-full wp-image-1661\" src=\"https:\/\/agora.xtec.cat\/ceiptorresjonama\/wp-content\/uploads\/usu279\/2019\/08\/Sortida-Josep-Pla.jpg\" alt=\"\" width=\"612\" height=\"459\" srcset=\"https:\/\/agora.xtec.cat\/ceiptorresjonama\/wp-content\/uploads\/usu279\/2019\/08\/Sortida-Josep-Pla.jpg 612w, https:\/\/agora.xtec.cat\/ceiptorresjonama\/wp-content\/uploads\/usu279\/2019\/08\/Sortida-Josep-Pla-300x225.jpg 300w, https:\/\/agora.xtec.cat\/ceiptorresjonama\/wp-content\/uploads\/usu279\/2019\/08\/Sortida-Josep-Pla-200x150.jpg 200w\" sizes=\"auto, (max-width: 612px) 100vw, 612px\" \/><\/a><\/p>\n","protected":false},"excerpt":{"rendered":"<p>Benvolgudes fam\u00edlies,<br \/>\nVolem compartir amb vosaltres l&#8217;\u00e0lbum de fotografies de la sortida del divendres passat, dia 30 de novembre. Fa temps que treballem al voltant de la vida i obra d&#8217;aquest escriptor tant important del nostre territori, per\u00f2, a m\u00e9s a m\u00e9s, l&#8217;hem pogut relacionar amb&hellip;  <a href=\"https:\/\/agora.xtec.cat\/ceiptorresjonama\/primaria\/excursio-josep-pla\/\" title=\"Read Excursi\u00f3: Josep Pla\">Llegeix m\u00e9s\u00bb<\/a><\/p>\n","protected":false},"author":3,"featured_media":0,"comment_status":"closed","ping_status":"closed","sticky":false,"template":"","format":"standard","meta":{"_bbp_topic_count":0,"_bbp_reply_count":0,"_bbp_total_topic_count":0,"_bbp_total_reply_count":0,"_bbp_voice_count":0,"_bbp_anonymous_reply_count":0,"_bbp_topic_count_hidden":0,"_bbp_reply_count_hidden":0,"_bbp_forum_subforum_count":0,"footnotes":""},"categories":[5],"tags":[],"class_list":["post-1660","post","type-post","status-publish","format-standard","hentry","category-primaria"],"post_mailing_queue_ids":[],"_links":{"self":[{"href":"https:\/\/agora.xtec.cat\/ceiptorresjonama\/wp-json\/wp\/v2\/posts\/1660","targetHints":{"allow":["GET"]}}],"collection":[{"href":"https:\/\/agora.xtec.cat\/ceiptorresjonama\/wp-json\/wp\/v2\/posts"}],"about":[{"href":"https:\/\/agora.xtec.cat\/ceiptorresjonama\/wp-json\/wp\/v2\/types\/post"}],"author":[{"embeddable":true,"href":"https:\/\/agora.xtec.cat\/ceiptorresjonama\/wp-json\/wp\/v2\/users\/3"}],"replies":[{"embeddable":true,"href":"https:\/\/agora.xtec.cat\/ceiptorresjonama\/wp-json\/wp\/v2\/comments?post=1660"}],"version-history":[{"count":1,"href":"https:\/\/agora.xtec.cat\/ceiptorresjonama\/wp-json\/wp\/v2\/posts\/1660\/revisions"}],"predecessor-version":[{"id":1662,"href":"https:\/\/agora.xtec.cat\/ceiptorresjonama\/wp-json\/wp\/v2\/posts\/1660\/revisions\/1662"}],"wp:attachment":[{"href":"https:\/\/agora.xtec.cat\/ceiptorresjonama\/wp-json\/wp\/v2\/media?parent=1660"}],"wp:term":[{"taxonomy":"category","embeddable":true,"href":"https:\/\/agora.xtec.cat\/ceiptorresjonama\/wp-json\/wp\/v2\/categories?post=1660"},{"taxonomy":"post_tag","embeddable":true,"href":"https:\/\/agora.xtec.cat\/ceiptorresjonama\/wp-json\/wp\/v2\/tags?post=1660"}],"curies":[{"name":"wp","href":"https:\/\/api.w.org\/{rel}","templated":true}]}}