{"id":1657,"date":"2019-08-20T19:38:27","date_gmt":"2019-08-20T17:38:27","guid":{"rendered":"https:\/\/agora.xtec.cat\/ceiptorresjonama\/?p=1657"},"modified":"2019-08-20T19:38:27","modified_gmt":"2019-08-20T17:38:27","slug":"taller-de-consum-a-5e","status":"publish","type":"post","link":"https:\/\/agora.xtec.cat\/ceiptorresjonama\/primaria\/taller-de-consum-a-5e\/","title":{"rendered":"Taller de Consum a 5\u00e8"},"content":{"rendered":"<p style=\"text-align: justify;\">Aquest dilluns, dia 19 de novembre, els alumnes de cinqu\u00e8 van dur a terme el taller &#8220;Quin \u00e9s el valor de l&#8217;energia que consumim&#8221; amb dues formadores de l&#8217;Ag\u00e8ncia Catalana del Consum.<\/p>\n<p style=\"text-align: justify;\">Els alumnes van poder recordar i aprendre molts aspectes relacionats amb aquesta tem\u00e0tica. Al final de les activitats proposades, en les quals havien de treballar en equip, cooperar, raonar.., van adquirir un major grau de consci\u00e8ncia sobre la import\u00e0ncia que tenen les nostres accions en el dia a dia.<\/p>\n<p>Volem compartir amb vosaltres un petit recull de fotografies sobre aquest taller. El trobareu enlla\u00e7at aqu\u00ed (clicant a sobre d&#8217;aquesta fotografia):<\/p>\n<p><a href=\"https:\/\/photos.app.goo.gl\/qJRZpNG7bvmgn5Gn6\" target=\"_blank\" rel=\"noopener noreferrer\"><img loading=\"lazy\" decoding=\"async\" class=\"size-full wp-image-1658\" src=\"https:\/\/agora.xtec.cat\/ceiptorresjonama\/wp-content\/uploads\/usu279\/2019\/08\/Taller-consum-5\u00e8.jpg\" alt=\"\" width=\"612\" height=\"459\" srcset=\"https:\/\/agora.xtec.cat\/ceiptorresjonama\/wp-content\/uploads\/usu279\/2019\/08\/Taller-consum-5\u00e8.jpg 612w, https:\/\/agora.xtec.cat\/ceiptorresjonama\/wp-content\/uploads\/usu279\/2019\/08\/Taller-consum-5\u00e8-300x225.jpg 300w, https:\/\/agora.xtec.cat\/ceiptorresjonama\/wp-content\/uploads\/usu279\/2019\/08\/Taller-consum-5\u00e8-200x150.jpg 200w\" sizes=\"auto, (max-width: 612px) 100vw, 612px\" \/><\/a><\/p>\n","protected":false},"excerpt":{"rendered":"<p>Aquest dilluns, dia 19 de novembre, els alumnes de cinqu\u00e8 van dur a terme el taller &#8220;Quin \u00e9s el valor de l&#8217;energia que consumim&#8221; amb dues formadores de l&#8217;Ag\u00e8ncia Catalana del Consum.<br \/>\nEls alumnes van poder recordar i aprendre molts aspectes relacionats amb aquesta tem\u00e0tica. Al&hellip;  <a href=\"https:\/\/agora.xtec.cat\/ceiptorresjonama\/primaria\/taller-de-consum-a-5e\/\" title=\"Read Taller de Consum a 5\u00e8\">Llegeix m\u00e9s\u00bb<\/a><\/p>\n","protected":false},"author":3,"featured_media":0,"comment_status":"closed","ping_status":"closed","sticky":false,"template":"","format":"standard","meta":{"_bbp_topic_count":0,"_bbp_reply_count":0,"_bbp_total_topic_count":0,"_bbp_total_reply_count":0,"_bbp_voice_count":0,"_bbp_anonymous_reply_count":0,"_bbp_topic_count_hidden":0,"_bbp_reply_count_hidden":0,"_bbp_forum_subforum_count":0,"footnotes":""},"categories":[5],"tags":[],"class_list":["post-1657","post","type-post","status-publish","format-standard","hentry","category-primaria"],"post_mailing_queue_ids":[],"_links":{"self":[{"href":"https:\/\/agora.xtec.cat\/ceiptorresjonama\/wp-json\/wp\/v2\/posts\/1657","targetHints":{"allow":["GET"]}}],"collection":[{"href":"https:\/\/agora.xtec.cat\/ceiptorresjonama\/wp-json\/wp\/v2\/posts"}],"about":[{"href":"https:\/\/agora.xtec.cat\/ceiptorresjonama\/wp-json\/wp\/v2\/types\/post"}],"author":[{"embeddable":true,"href":"https:\/\/agora.xtec.cat\/ceiptorresjonama\/wp-json\/wp\/v2\/users\/3"}],"replies":[{"embeddable":true,"href":"https:\/\/agora.xtec.cat\/ceiptorresjonama\/wp-json\/wp\/v2\/comments?post=1657"}],"version-history":[{"count":1,"href":"https:\/\/agora.xtec.cat\/ceiptorresjonama\/wp-json\/wp\/v2\/posts\/1657\/revisions"}],"predecessor-version":[{"id":1659,"href":"https:\/\/agora.xtec.cat\/ceiptorresjonama\/wp-json\/wp\/v2\/posts\/1657\/revisions\/1659"}],"wp:attachment":[{"href":"https:\/\/agora.xtec.cat\/ceiptorresjonama\/wp-json\/wp\/v2\/media?parent=1657"}],"wp:term":[{"taxonomy":"category","embeddable":true,"href":"https:\/\/agora.xtec.cat\/ceiptorresjonama\/wp-json\/wp\/v2\/categories?post=1657"},{"taxonomy":"post_tag","embeddable":true,"href":"https:\/\/agora.xtec.cat\/ceiptorresjonama\/wp-json\/wp\/v2\/tags?post=1657"}],"curies":[{"name":"wp","href":"https:\/\/api.w.org\/{rel}","templated":true}]}}