{"id":1627,"date":"2019-08-20T18:44:16","date_gmt":"2019-08-20T16:44:16","guid":{"rendered":"https:\/\/agora.xtec.cat\/ceiptorresjonama\/?p=1627"},"modified":"2019-08-20T18:44:16","modified_gmt":"2019-08-20T16:44:16","slug":"excursio-2n-trimestre-can-vilallonga","status":"publish","type":"post","link":"https:\/\/agora.xtec.cat\/ceiptorresjonama\/primaria\/excursio-2n-trimestre-can-vilallonga\/","title":{"rendered":"Excursi\u00f3 2n trimestre: Can Vilallonga."},"content":{"rendered":"<p>El passat 29 de mar\u00e7 vam anar d&#8217;excursi\u00f3 a la Masia de Can Vilallonga, Cass\u00e0.\u00a0 Vam poder observar les diferents plantes remeires i arom\u00e0tiques que es troben als nostres boscos.<\/p>\n<p>Per acabar vam fer un taller. A partir de les plantes que vam recollir al bosc\u00a0 vam aprofitar-les per fer uns saquets arom\u00e0tics.<\/p>\n<p>( Per veure m\u00e9s fotos cliqueu sobre la imatge)<\/p>\n<p><a href=\"https:\/\/photos.app.goo.gl\/TRLsXiHFmwpSx8GL9\" target=\"_blank\" rel=\"noopener noreferrer\"><img loading=\"lazy\" decoding=\"async\" class=\"size-full wp-image-1628 aligncenter\" src=\"https:\/\/agora.xtec.cat\/ceiptorresjonama\/wp-content\/uploads\/usu279\/2019\/08\/Can-Vilallonga-Pri.jpeg\" alt=\"\" width=\"612\" height=\"459\" srcset=\"https:\/\/agora.xtec.cat\/ceiptorresjonama\/wp-content\/uploads\/usu279\/2019\/08\/Can-Vilallonga-Pri.jpeg 612w, https:\/\/agora.xtec.cat\/ceiptorresjonama\/wp-content\/uploads\/usu279\/2019\/08\/Can-Vilallonga-Pri-300x225.jpeg 300w, https:\/\/agora.xtec.cat\/ceiptorresjonama\/wp-content\/uploads\/usu279\/2019\/08\/Can-Vilallonga-Pri-200x150.jpeg 200w\" sizes=\"auto, (max-width: 612px) 100vw, 612px\" \/><\/a><\/p>\n","protected":false},"excerpt":{"rendered":"<p>El passat 29 de mar\u00e7 vam anar d&#8217;excursi\u00f3 a la Masia de Can Vilallonga, Cass\u00e0.\u00a0 Vam poder observar les diferents plantes remeires i arom\u00e0tiques que es troben als nostres boscos.<br \/>\nPer acabar vam fer un taller. A partir de les plantes que vam recollir al bosc\u00a0&hellip;  <a href=\"https:\/\/agora.xtec.cat\/ceiptorresjonama\/primaria\/excursio-2n-trimestre-can-vilallonga\/\" title=\"Read Excursi\u00f3 2n trimestre: Can Vilallonga.\">Llegeix m\u00e9s\u00bb<\/a><\/p>\n","protected":false},"author":3,"featured_media":0,"comment_status":"closed","ping_status":"closed","sticky":false,"template":"","format":"standard","meta":{"_bbp_topic_count":0,"_bbp_reply_count":0,"_bbp_total_topic_count":0,"_bbp_total_reply_count":0,"_bbp_voice_count":0,"_bbp_anonymous_reply_count":0,"_bbp_topic_count_hidden":0,"_bbp_reply_count_hidden":0,"_bbp_forum_subforum_count":0,"footnotes":""},"categories":[5],"tags":[],"class_list":["post-1627","post","type-post","status-publish","format-standard","hentry","category-primaria"],"post_mailing_queue_ids":[],"_links":{"self":[{"href":"https:\/\/agora.xtec.cat\/ceiptorresjonama\/wp-json\/wp\/v2\/posts\/1627","targetHints":{"allow":["GET"]}}],"collection":[{"href":"https:\/\/agora.xtec.cat\/ceiptorresjonama\/wp-json\/wp\/v2\/posts"}],"about":[{"href":"https:\/\/agora.xtec.cat\/ceiptorresjonama\/wp-json\/wp\/v2\/types\/post"}],"author":[{"embeddable":true,"href":"https:\/\/agora.xtec.cat\/ceiptorresjonama\/wp-json\/wp\/v2\/users\/3"}],"replies":[{"embeddable":true,"href":"https:\/\/agora.xtec.cat\/ceiptorresjonama\/wp-json\/wp\/v2\/comments?post=1627"}],"version-history":[{"count":1,"href":"https:\/\/agora.xtec.cat\/ceiptorresjonama\/wp-json\/wp\/v2\/posts\/1627\/revisions"}],"predecessor-version":[{"id":1629,"href":"https:\/\/agora.xtec.cat\/ceiptorresjonama\/wp-json\/wp\/v2\/posts\/1627\/revisions\/1629"}],"wp:attachment":[{"href":"https:\/\/agora.xtec.cat\/ceiptorresjonama\/wp-json\/wp\/v2\/media?parent=1627"}],"wp:term":[{"taxonomy":"category","embeddable":true,"href":"https:\/\/agora.xtec.cat\/ceiptorresjonama\/wp-json\/wp\/v2\/categories?post=1627"},{"taxonomy":"post_tag","embeddable":true,"href":"https:\/\/agora.xtec.cat\/ceiptorresjonama\/wp-json\/wp\/v2\/tags?post=1627"}],"curies":[{"name":"wp","href":"https:\/\/api.w.org\/{rel}","templated":true}]}}