{"id":1606,"date":"2019-08-20T18:16:30","date_gmt":"2019-08-20T16:16:30","guid":{"rendered":"https:\/\/agora.xtec.cat\/ceiptorresjonama\/?p=1606"},"modified":"2019-08-20T18:16:30","modified_gmt":"2019-08-20T16:16:30","slug":"anem-a-can-duran","status":"publish","type":"post","link":"https:\/\/agora.xtec.cat\/ceiptorresjonama\/infantil\/anem-a-can-duran\/","title":{"rendered":"Anem a Can Duran"},"content":{"rendered":"<p>Els nens i nenes de P-5 hem anat a l\u2019obrador de la Fleca Pastisseria Can Duran. La fam\u00edlia d\u2019en Lian ens ha convidat, per veure com treballen a la seva fleca i pastisseria.<\/p>\n<p>Ha sigut un mat\u00ed molt aprofitat i hem apr\u00e8s molt\u00edssim. A les fotos ho podreu veure.<\/p>\n<p>Primer, ens han ensenyat el magatzem amb els productes que utilitzen: farina, sucre, ametlla, xocolata\u2026 tot seguit, hem preparat el pa i hem vist com entrava a un forn molt gros. Despr\u00e9s ,amb l\u2019avi d\u2019en Lian, hem preparat la massa per fer panets de Viena i hem apr\u00e8s a fer-los. Ens han sortit molt b\u00e9. Tamb\u00e9 hav\u00edem preparat massa per fer galetes cookies i en Joan, el tiet d\u2019en Lian, ens ha explicat com ho hav\u00edem de fer. En un tres i no res hem fet unes magdalenes bon\u00edssimes i la base de la mona.<\/p>\n<p>Hem fet mitja part per esmorzar uns croissants calentons bon\u00edssims i hem jugat una mica al parc.<\/p>\n<p>Per acabar un mat\u00ed fant\u00e0stic,\u00a0 hem fet la mona que ens hem emportat a casa.<\/p>\n<p>Des d\u2019aqu\u00ed,\u00a0 volem donar les gr\u00e0cies a tota la fam\u00edlia Duran perqu\u00e8 ens reben amb els bra\u00e7os oberts i ens fan sentir com a casa. Moltes gr\u00e0cies!!! Sou uns artistes pastissers fant\u00e0stics.<\/p>\n<p style=\"text-align: center;\"><a href=\"https:\/\/agora.xtec.cat\/ceiptorresjonama\/wp-content\/uploads\/usu279\/2019\/08\/Can-Duran.jpg\"><img loading=\"lazy\" decoding=\"async\" class=\"alignnone size-full wp-image-1607\" src=\"https:\/\/agora.xtec.cat\/ceiptorresjonama\/wp-content\/uploads\/usu279\/2019\/08\/Can-Duran.jpg\" alt=\"\" width=\"612\" height=\"459\" srcset=\"https:\/\/agora.xtec.cat\/ceiptorresjonama\/wp-content\/uploads\/usu279\/2019\/08\/Can-Duran.jpg 612w, https:\/\/agora.xtec.cat\/ceiptorresjonama\/wp-content\/uploads\/usu279\/2019\/08\/Can-Duran-300x225.jpg 300w, https:\/\/agora.xtec.cat\/ceiptorresjonama\/wp-content\/uploads\/usu279\/2019\/08\/Can-Duran-200x150.jpg 200w\" sizes=\"auto, (max-width: 612px) 100vw, 612px\" \/><\/a><a href=\"https:\/\/photos.app.goo.gl\/5veWLSAPsEh2WN9Q9\" target=\"_blank\" rel=\"noopener noreferrer\">https:\/\/photos.app.goo.gl\/5veWLSAPsEh2WN9Q9<\/a><\/p>\n","protected":false},"excerpt":{"rendered":"<p>Els nens i nenes de P-5 hem anat a l\u2019obrador de la Fleca Pastisseria Can Duran. La fam\u00edlia d\u2019en Lian ens ha convidat, per veure com treballen a la seva fleca i pastisseria.<br \/>\nHa sigut un mat\u00ed molt aprofitat i hem apr\u00e8s molt\u00edssim. A les fotos&hellip;  <a href=\"https:\/\/agora.xtec.cat\/ceiptorresjonama\/infantil\/anem-a-can-duran\/\" title=\"Read Anem a Can Duran\">Llegeix m\u00e9s\u00bb<\/a><\/p>\n","protected":false},"author":3,"featured_media":0,"comment_status":"closed","ping_status":"closed","sticky":false,"template":"","format":"standard","meta":{"_bbp_topic_count":0,"_bbp_reply_count":0,"_bbp_total_topic_count":0,"_bbp_total_reply_count":0,"_bbp_voice_count":0,"_bbp_anonymous_reply_count":0,"_bbp_topic_count_hidden":0,"_bbp_reply_count_hidden":0,"_bbp_forum_subforum_count":0,"footnotes":""},"categories":[2],"tags":[],"class_list":["post-1606","post","type-post","status-publish","format-standard","hentry","category-infantil"],"post_mailing_queue_ids":[],"_links":{"self":[{"href":"https:\/\/agora.xtec.cat\/ceiptorresjonama\/wp-json\/wp\/v2\/posts\/1606","targetHints":{"allow":["GET"]}}],"collection":[{"href":"https:\/\/agora.xtec.cat\/ceiptorresjonama\/wp-json\/wp\/v2\/posts"}],"about":[{"href":"https:\/\/agora.xtec.cat\/ceiptorresjonama\/wp-json\/wp\/v2\/types\/post"}],"author":[{"embeddable":true,"href":"https:\/\/agora.xtec.cat\/ceiptorresjonama\/wp-json\/wp\/v2\/users\/3"}],"replies":[{"embeddable":true,"href":"https:\/\/agora.xtec.cat\/ceiptorresjonama\/wp-json\/wp\/v2\/comments?post=1606"}],"version-history":[{"count":1,"href":"https:\/\/agora.xtec.cat\/ceiptorresjonama\/wp-json\/wp\/v2\/posts\/1606\/revisions"}],"predecessor-version":[{"id":1608,"href":"https:\/\/agora.xtec.cat\/ceiptorresjonama\/wp-json\/wp\/v2\/posts\/1606\/revisions\/1608"}],"wp:attachment":[{"href":"https:\/\/agora.xtec.cat\/ceiptorresjonama\/wp-json\/wp\/v2\/media?parent=1606"}],"wp:term":[{"taxonomy":"category","embeddable":true,"href":"https:\/\/agora.xtec.cat\/ceiptorresjonama\/wp-json\/wp\/v2\/categories?post=1606"},{"taxonomy":"post_tag","embeddable":true,"href":"https:\/\/agora.xtec.cat\/ceiptorresjonama\/wp-json\/wp\/v2\/tags?post=1606"}],"curies":[{"name":"wp","href":"https:\/\/api.w.org\/{rel}","templated":true}]}}