{"id":1567,"date":"2019-08-18T14:48:42","date_gmt":"2019-08-18T12:48:42","guid":{"rendered":"https:\/\/agora.xtec.cat\/ceiptorresjonama\/?p=1567"},"modified":"2019-08-18T14:50:23","modified_gmt":"2019-08-18T12:50:23","slug":"llibres-del-mes-curs-2018-19","status":"publish","type":"post","link":"https:\/\/agora.xtec.cat\/ceiptorresjonama\/poemes-i-llibres-del-mes\/llibres-del-mes-curs-2018-19\/","title":{"rendered":"Llibres del mes curs 2018-19"},"content":{"rendered":"<p><strong>Aqu\u00ed us presentem els llibres del mes a la Biblioteca:<\/strong><\/p>\n<table style=\"width: 731px; height: 1823px;\">\n<tbody>\n<tr>\n<td style=\"width: 170px;\"><a href=\"https:\/\/agora.xtec.cat\/ceiptorresjonama\/wp-content\/uploads\/usu279\/2019\/08\/llibre-octubre.jpg\"><img loading=\"lazy\" decoding=\"async\" class=\"alignnone wp-image-1553\" src=\"https:\/\/agora.xtec.cat\/ceiptorresjonama\/wp-content\/uploads\/usu279\/2019\/08\/llibre-octubre.jpg\" alt=\"\" width=\"154\" height=\"276\" \/><\/a><\/td>\n<td style=\"width: 367px;\"><strong>Sinopsi:<\/strong><\/p>\n<p>L\u2019 Enric estava conven\u00e7ut que havia nascut per volar. Mirava els avions, intentava fabricar-se ales de tot tipus, fins i tot va demanar poder volar com a regal per a Nadal! Per\u00f2 res no funcionava\u2026 Un dia, la seva mare li va explicar que hi havia altres maneres de complir el seu somni i li va posar un llibre a les mans. Aquell mateix dia, sense adonar-se\u2019n, l\u2019 Enric va comen\u00e7ar a volar.<\/p>\n<p>\u201cLa muntanya de llibres m\u00e9s alta del m\u00f3n\u201d,\u00e9s un \u00e0lbum il\u00b7lustrat que incita a mirar, a contemplar, a recrear-se de les imatges, un llibre pels m\u00e9s petits i pels mes grans, ja que en el fons en un moment o altre tothom hem desitjat el mateix que l\u2019 Enric i com ell som o serem bons lectors.<\/td>\n<td style=\"width: 184px; text-align: center;\"><strong>Llibre del mes <\/strong><\/p>\n<p><strong>d&#8217;octubre<\/strong><\/td>\n<\/tr>\n<tr>\n<td style=\"width: 170px;\"><a href=\"https:\/\/agora.xtec.cat\/ceiptorresjonama\/wp-content\/uploads\/usu279\/2019\/08\/soc-el-mes-fortnovembre18.jpg\"><img loading=\"lazy\" decoding=\"async\" class=\"alignnone size-full wp-image-1554\" src=\"https:\/\/agora.xtec.cat\/ceiptorresjonama\/wp-content\/uploads\/usu279\/2019\/08\/soc-el-mes-fortnovembre18.jpg\" alt=\"\" width=\"161\" height=\"212\" \/><\/a><\/td>\n<td style=\"width: 367px;\"><strong>Sinopsi:\u00a0<\/strong><\/p>\n<p>Quan un llop vol estar tranquil, qu\u00e8 fa? Preguntar als habitants del bosc: \u201cDigueu-me, qui \u00e9s el m\u00e9s fort?\u201d. I tothom, des de la Caputxeta fins als tres porquets, passant pels set nans, li responen el mateix: \u201cEl m\u00e9s fort ets tu, senyor llop\u201d. Fins que un dia, una esp\u00e8cie de gripau li contesta una altra cosa. El llop s\u2019enfada\u2026<\/td>\n<td style=\"width: 184px; text-align: center;\"><strong>Llibre del mes de <\/strong><\/p>\n<p><strong>novembre<\/strong><\/td>\n<\/tr>\n<tr>\n<td style=\"width: 170px;\"><a href=\"https:\/\/agora.xtec.cat\/ceiptorresjonama\/wp-content\/uploads\/usu279\/2019\/08\/llibre-desembre.jpg\"><img loading=\"lazy\" decoding=\"async\" class=\"alignnone size-full wp-image-1549\" src=\"https:\/\/agora.xtec.cat\/ceiptorresjonama\/wp-content\/uploads\/usu279\/2019\/08\/llibre-desembre.jpg\" alt=\"\" width=\"202\" height=\"181\" \/><\/a><\/td>\n<td style=\"width: 367px;\"><strong>Sinopsi<\/strong>:<\/p>\n<p>En una freda nit d\u2019hivern, la fam\u00edlia de la petita ratolina Martina veu, des del seu vaixell, una pluja d\u2019estels fuga\u00e7os. El ratol\u00ed m\u00e9s veter\u00e0 explicar\u00e0 als altres que la seva missi\u00f3 \u00e9s a anar a recollir les estrelles que van caient damunt la neu, doncs els protegir\u00e0 a ells i a la resta dels ratolins del dur i cru hivern. Aconseguir-ho ser\u00e0 una aventura per la Martina.<\/td>\n<td style=\"width: 184px; text-align: center;\"><strong>Llibre del mes de<\/strong><\/p>\n<p><strong> desembre<\/strong><\/td>\n<\/tr>\n<tr>\n<td style=\"width: 170px;\"><a href=\"https:\/\/agora.xtec.cat\/ceiptorresjonama\/wp-content\/uploads\/usu279\/2019\/08\/llibregener.jpg\"><img loading=\"lazy\" decoding=\"async\" class=\"alignnone size-full wp-image-1551\" src=\"https:\/\/agora.xtec.cat\/ceiptorresjonama\/wp-content\/uploads\/usu279\/2019\/08\/llibregener.jpg\" alt=\"\" width=\"150\" height=\"228\" \/><\/a><\/td>\n<td style=\"width: 367px;\"><em>&#8220;A la llauna de p\u00e8sols hi ha dibuixats p\u00e8sols, a la llauna de sardines hi ha dibuixades sardines, al paquet de cereals hi ha dibuixat cereals.\u00a0<\/em><br \/>\n<em>Per tant, si hi ha una vaca dibuixada al bric de llet, \u00e9s que a dins n\u2019hi\u00a0 ha un&#8221;<\/em><\/td>\n<td style=\"width: 184px; text-align: center;\"><strong>Llibre del mes de <\/strong><\/p>\n<p><strong>gener<\/strong><\/td>\n<\/tr>\n<tr>\n<td style=\"width: 170px;\"><a href=\"https:\/\/agora.xtec.cat\/ceiptorresjonama\/wp-content\/uploads\/usu279\/2019\/08\/llibre-febrer.jpg\"><img loading=\"lazy\" decoding=\"async\" class=\"alignnone size-full wp-image-1550\" src=\"https:\/\/agora.xtec.cat\/ceiptorresjonama\/wp-content\/uploads\/usu279\/2019\/08\/llibre-febrer.jpg\" alt=\"\" width=\"584\" height=\"342\" srcset=\"https:\/\/agora.xtec.cat\/ceiptorresjonama\/wp-content\/uploads\/usu279\/2019\/08\/llibre-febrer.jpg 584w, https:\/\/agora.xtec.cat\/ceiptorresjonama\/wp-content\/uploads\/usu279\/2019\/08\/llibre-febrer-300x176.jpg 300w\" sizes=\"auto, (max-width: 584px) 100vw, 584px\" \/><\/a><\/td>\n<td style=\"width: 367px;\">Cada un dels llibres de l&#8217; Herv\u00e9 Tullet s\u00f3n una proposta art\u00edstica i divertida per compartir en fam\u00edlia. S\u00f3n llibres interactius, plens de m\u00e0gia i provoquen una font de rialles.<\/p>\n<p>Nom\u00e9s cal llegir les indicacions. Cada vegada que gireu p\u00e0gina se us dibuixar\u00e0 a la cara un somriure, una <strong>rialla,,, i sobretot el factor SORPRESA!!!.<\/strong><\/td>\n<td style=\"width: 184px; text-align: center;\"><strong>Llibre del mes de <\/strong><\/p>\n<p><strong>febrer<\/strong><\/td>\n<\/tr>\n<tr>\n<td style=\"width: 170px;\"><a href=\"https:\/\/agora.xtec.cat\/ceiptorresjonama\/wp-content\/uploads\/usu279\/2019\/08\/llibre-marc11.jpg\"><img loading=\"lazy\" decoding=\"async\" class=\"alignnone size-full wp-image-1552\" src=\"https:\/\/agora.xtec.cat\/ceiptorresjonama\/wp-content\/uploads\/usu279\/2019\/08\/llibre-marc11.jpg\" alt=\"\" width=\"504\" height=\"528\" srcset=\"https:\/\/agora.xtec.cat\/ceiptorresjonama\/wp-content\/uploads\/usu279\/2019\/08\/llibre-marc11.jpg 504w, https:\/\/agora.xtec.cat\/ceiptorresjonama\/wp-content\/uploads\/usu279\/2019\/08\/llibre-marc11-286x300.jpg 286w\" sizes=\"auto, (max-width: 504px) 100vw, 504px\" \/><\/a><\/td>\n<td style=\"width: 367px;\"><strong>Sinopsi:<\/strong><\/p>\n<p>A la nena d\u2019aquesta hist\u00f2ria la confonen constantment amb un nen. Per\u00f2 si s\u00f3c una nena! Una nena a qui li agrada anar a tota velocitat en el seu patinet, saltar a la piscina, tocar la trompeta, fer soroll i botar per tots costats. Una nena que adora tant jugar amb nines com fer una carrera i guanyar-la. \u00c9s una nena, i que ning\u00fa li digui el contrari!<\/td>\n<td style=\"width: 184px; text-align: center;\">Llibre del mes de<\/p>\n<p>mar\u00e7<\/td>\n<\/tr>\n<tr>\n<td style=\"width: 170px;\"><a href=\"https:\/\/agora.xtec.cat\/ceiptorresjonama\/wp-content\/uploads\/usu279\/2019\/08\/llibre-abril.jpg\"><img loading=\"lazy\" decoding=\"async\" class=\"alignnone size-full wp-image-1548\" src=\"https:\/\/agora.xtec.cat\/ceiptorresjonama\/wp-content\/uploads\/usu279\/2019\/08\/llibre-abril.jpg\" alt=\"\" width=\"322\" height=\"429\" srcset=\"https:\/\/agora.xtec.cat\/ceiptorresjonama\/wp-content\/uploads\/usu279\/2019\/08\/llibre-abril.jpg 322w, https:\/\/agora.xtec.cat\/ceiptorresjonama\/wp-content\/uploads\/usu279\/2019\/08\/llibre-abril-225x300.jpg 225w\" sizes=\"auto, (max-width: 322px) 100vw, 322px\" \/><\/a><\/td>\n<td style=\"width: 367px;\"><strong>Sinopsi: <\/strong><\/p>\n<p>Qualsevol, fins i tot un drac, pot tenir un mal dia. En aquest \u00e0lbum, un petit heroi dispost a tot posar\u00e0 en marxa una s\u00e8rie de plans, aparentment infal\u00b7libles, perqu\u00e8 el seu enorme drac recuperi la flama. Idees no n\u2019hi manquen: agitar-lo per la cua, saltar sobre la seva panxa, fer-li pessigolles, posar-lo gel\u00f3s, preparar-li un past\u00eds\u2026 seran algunes d\u2019elles, per\u00f2 el cas sembla greu, grav\u00edssim.<\/td>\n<td style=\"width: 184px; text-align: center;\"><strong>Llibre del mes <\/strong><\/p>\n<p><strong>d&#8217;abril<\/strong><\/td>\n<\/tr>\n<\/tbody>\n<\/table>\n","protected":false},"excerpt":{"rendered":"<p>Aqu\u00ed us presentem els llibres del mes a la Biblioteca:<\/p>\n<p><a href=\"https:\/\/agora.xtec.cat\/ceiptorresjonama\/wp-content\/uploads\/usu279\/2019\/08\/llibre-octubre.jpg\"><\/a><br \/>\nSinopsi:<br \/>\nL\u2019 Enric estava conven\u00e7ut que havia nascut per volar. Mirava els avions, intentava fabricar-se ales de tot tipus, fins i tot va demanar poder volar com a regal per a Nadal! Per\u00f2 res no funcionava\u2026&hellip;  <a href=\"https:\/\/agora.xtec.cat\/ceiptorresjonama\/poemes-i-llibres-del-mes\/llibres-del-mes-curs-2018-19\/\" title=\"Read Llibres del mes curs 2018-19\">Llegeix m\u00e9s\u00bb<\/a><\/p>\n","protected":false},"author":3,"featured_media":0,"comment_status":"closed","ping_status":"closed","sticky":false,"template":"","format":"standard","meta":{"_bbp_topic_count":0,"_bbp_reply_count":0,"_bbp_total_topic_count":0,"_bbp_total_reply_count":0,"_bbp_voice_count":0,"_bbp_anonymous_reply_count":0,"_bbp_topic_count_hidden":0,"_bbp_reply_count_hidden":0,"_bbp_forum_subforum_count":0,"footnotes":""},"categories":[66],"tags":[],"class_list":["post-1567","post","type-post","status-publish","format-standard","hentry","category-poemes-i-llibres-del-mes"],"post_mailing_queue_ids":[],"_links":{"self":[{"href":"https:\/\/agora.xtec.cat\/ceiptorresjonama\/wp-json\/wp\/v2\/posts\/1567","targetHints":{"allow":["GET"]}}],"collection":[{"href":"https:\/\/agora.xtec.cat\/ceiptorresjonama\/wp-json\/wp\/v2\/posts"}],"about":[{"href":"https:\/\/agora.xtec.cat\/ceiptorresjonama\/wp-json\/wp\/v2\/types\/post"}],"author":[{"embeddable":true,"href":"https:\/\/agora.xtec.cat\/ceiptorresjonama\/wp-json\/wp\/v2\/users\/3"}],"replies":[{"embeddable":true,"href":"https:\/\/agora.xtec.cat\/ceiptorresjonama\/wp-json\/wp\/v2\/comments?post=1567"}],"version-history":[{"count":1,"href":"https:\/\/agora.xtec.cat\/ceiptorresjonama\/wp-json\/wp\/v2\/posts\/1567\/revisions"}],"predecessor-version":[{"id":1568,"href":"https:\/\/agora.xtec.cat\/ceiptorresjonama\/wp-json\/wp\/v2\/posts\/1567\/revisions\/1568"}],"wp:attachment":[{"href":"https:\/\/agora.xtec.cat\/ceiptorresjonama\/wp-json\/wp\/v2\/media?parent=1567"}],"wp:term":[{"taxonomy":"category","embeddable":true,"href":"https:\/\/agora.xtec.cat\/ceiptorresjonama\/wp-json\/wp\/v2\/categories?post=1567"},{"taxonomy":"post_tag","embeddable":true,"href":"https:\/\/agora.xtec.cat\/ceiptorresjonama\/wp-json\/wp\/v2\/tags?post=1567"}],"curies":[{"name":"wp","href":"https:\/\/api.w.org\/{rel}","templated":true}]}}