{"id":1508,"date":"2019-08-12T18:13:27","date_gmt":"2019-08-12T16:13:27","guid":{"rendered":"https:\/\/agora.xtec.cat\/ceiptorresjonama\/?p=1508"},"modified":"2019-08-12T18:13:27","modified_gmt":"2019-08-12T16:13:27","slug":"final-de-curs-2","status":"publish","type":"post","link":"https:\/\/agora.xtec.cat\/ceiptorresjonama\/general\/final-de-curs-2\/","title":{"rendered":"Final de curs"},"content":{"rendered":"<p>Benvolgudes fam\u00edlies,<\/p>\n<p>El passat dia 21 de juny vam celebrar la festa de final de curs durant tot el mat\u00ed. Aquest any els alumnes van quedar repartits en diversos grups mixtes, agrupats en els seg\u00fcents nivells: els alumnes d\u2019infantil, de P-3 fins a P-5, els alumnes de 1r fins a 3r i, finalment, els alumnes de 4t fins a 5\u00e8. Es van moure per diverses zones i patis (una zona diferent per a cada grup) participant en diversos jocs i activitats que els hav\u00edem preparat pr\u00e8viament. A continuaci\u00f3, tal com ja \u00e9s habitual, vam esmorzar s\u00edndria i, finalment, els grans van jugar una mica amb l\u2019aigua.<\/p>\n<p>El comiat dels alumnes de sis\u00e8 aquest any es va fer el passat divendres 14 de juny, amb un sopar amb totes les fam\u00edlies de l\u2019escola que hi van voler participar (cadasc\u00fa va aportar alguna cosa per menjar). Els alumnes de 6\u00e8 van fer el ja \u201ctradicional\u201d espectacle \u201cd\u2019acro-esport\u201d i tamb\u00e9 se\u2019ls va acomiadar per a desitjar-los una molt bona entrada a la nova etapa que a partir d\u2019ara comen\u00e7aran fora de l\u2019escola.<\/p>\n<p>A continuaci\u00f3 us enllacem l\u2019\u00e0lbum de fotografies:<\/p>\n<p><a href=\"https:\/\/photos.app.goo.gl\/RbAF6QPqF185VXuD7\" target=\"_blank\" rel=\"noopener noreferrer\"><img loading=\"lazy\" decoding=\"async\" class=\"alignnone size-full wp-image-1505\" src=\"https:\/\/agora.xtec.cat\/ceiptorresjonama\/wp-content\/uploads\/usu279\/2019\/08\/Bon-estiu.jpg\" alt=\"\" width=\"300\" height=\"225\" srcset=\"https:\/\/agora.xtec.cat\/ceiptorresjonama\/wp-content\/uploads\/usu279\/2019\/08\/Bon-estiu.jpg 300w, https:\/\/agora.xtec.cat\/ceiptorresjonama\/wp-content\/uploads\/usu279\/2019\/08\/Bon-estiu-200x150.jpg 200w\" sizes=\"auto, (max-width: 300px) 100vw, 300px\" \/><\/a><\/p>\n<p>Aprofitem per a desitjar-vos un molt bon estiu!<\/p>\n","protected":false},"excerpt":{"rendered":"<p>Benvolgudes fam\u00edlies,<br \/>\nEl passat dia 21 de juny vam celebrar la festa de final de curs durant tot el mat\u00ed. Aquest any els alumnes van quedar repartits en diversos grups mixtes, agrupats en els seg\u00fcents nivells: els alumnes d\u2019infantil, de P-3 fins a P-5, els alumnes&hellip;  <a href=\"https:\/\/agora.xtec.cat\/ceiptorresjonama\/general\/final-de-curs-2\/\" title=\"Read Final de curs\">Llegeix m\u00e9s\u00bb<\/a><\/p>\n","protected":false},"author":3,"featured_media":0,"comment_status":"open","ping_status":"closed","sticky":false,"template":"","format":"standard","meta":{"_bbp_topic_count":0,"_bbp_reply_count":0,"_bbp_total_topic_count":0,"_bbp_total_reply_count":0,"_bbp_voice_count":0,"_bbp_anonymous_reply_count":0,"_bbp_topic_count_hidden":0,"_bbp_reply_count_hidden":0,"_bbp_forum_subforum_count":0,"footnotes":""},"categories":[1],"tags":[],"class_list":["post-1508","post","type-post","status-publish","format-standard","hentry","category-general"],"post_mailing_queue_ids":[],"_links":{"self":[{"href":"https:\/\/agora.xtec.cat\/ceiptorresjonama\/wp-json\/wp\/v2\/posts\/1508","targetHints":{"allow":["GET"]}}],"collection":[{"href":"https:\/\/agora.xtec.cat\/ceiptorresjonama\/wp-json\/wp\/v2\/posts"}],"about":[{"href":"https:\/\/agora.xtec.cat\/ceiptorresjonama\/wp-json\/wp\/v2\/types\/post"}],"author":[{"embeddable":true,"href":"https:\/\/agora.xtec.cat\/ceiptorresjonama\/wp-json\/wp\/v2\/users\/3"}],"replies":[{"embeddable":true,"href":"https:\/\/agora.xtec.cat\/ceiptorresjonama\/wp-json\/wp\/v2\/comments?post=1508"}],"version-history":[{"count":1,"href":"https:\/\/agora.xtec.cat\/ceiptorresjonama\/wp-json\/wp\/v2\/posts\/1508\/revisions"}],"predecessor-version":[{"id":1509,"href":"https:\/\/agora.xtec.cat\/ceiptorresjonama\/wp-json\/wp\/v2\/posts\/1508\/revisions\/1509"}],"wp:attachment":[{"href":"https:\/\/agora.xtec.cat\/ceiptorresjonama\/wp-json\/wp\/v2\/media?parent=1508"}],"wp:term":[{"taxonomy":"category","embeddable":true,"href":"https:\/\/agora.xtec.cat\/ceiptorresjonama\/wp-json\/wp\/v2\/categories?post=1508"},{"taxonomy":"post_tag","embeddable":true,"href":"https:\/\/agora.xtec.cat\/ceiptorresjonama\/wp-json\/wp\/v2\/tags?post=1508"}],"curies":[{"name":"wp","href":"https:\/\/api.w.org\/{rel}","templated":true}]}}