{"id":1315,"date":"2019-04-02T11:05:32","date_gmt":"2019-04-02T10:05:32","guid":{"rendered":"https:\/\/torresjonama.wordpress.com\/?p=1315"},"modified":"2019-08-12T13:22:59","modified_gmt":"2019-08-12T11:22:59","slug":"cantata","status":"publish","type":"post","link":"https:\/\/agora.xtec.cat\/ceiptorresjonama\/general\/cantata\/","title":{"rendered":"Cantata"},"content":{"rendered":"<p style=\"text-align: justify;\">El passat dissabte dia 30 de mar\u00e7, els nens i nenes de 3r. de prim\u00e0ria ,de les escoles de Palafrugell i Mont-ras juntament amb els seus i les seves mestres de m\u00fasica, van interpretar al teatre municipal de Palafrugell la cantata &#8220;La f\u00e0brica de colors&#8221;. Gr\u00e0cies a l&#8217;esfor\u00e7 de tothom, va ser un \u00e8xit. Enhorabona!!!<\/p>\n<p>Cliqueu aquesta foto per veure&#8217;n l&#8217;\u00e0lbum.<\/p>\n<p><a href=\"https:\/\/photos.app.goo.gl\/MpMMRpq3EkUJxE6b6\"><img loading=\"lazy\" decoding=\"async\" class=\" wp-image-1316 aligncenter\" src=\"https:\/\/agora.xtec.cat\/ceiptorresjonama\/wp-content\/uploads\/usu279\/2019\/04\/img-20190330-wa0003.jpg\" alt=\"IMG-20190330-WA0003\" width=\"477\" height=\"358\" srcset=\"https:\/\/agora.xtec.cat\/ceiptorresjonama\/wp-content\/uploads\/usu279\/2019\/04\/img-20190330-wa0003.jpg 1024w, https:\/\/agora.xtec.cat\/ceiptorresjonama\/wp-content\/uploads\/usu279\/2019\/04\/img-20190330-wa0003-300x225.jpg 300w, https:\/\/agora.xtec.cat\/ceiptorresjonama\/wp-content\/uploads\/usu279\/2019\/04\/img-20190330-wa0003-768x576.jpg 768w, https:\/\/agora.xtec.cat\/ceiptorresjonama\/wp-content\/uploads\/usu279\/2019\/04\/img-20190330-wa0003-200x150.jpg 200w\" sizes=\"auto, (max-width: 477px) 100vw, 477px\" \/><\/a><\/p>\n<p>&nbsp;<\/p>\n","protected":false},"excerpt":{"rendered":"<p>El passat dissabte dia 30 de mar\u00e7, els nens i nenes de 3r. de prim\u00e0ria ,de les escoles de Palafrugell i Mont-ras juntament amb els seus i les seves mestres de m\u00fasica, van interpretar al teatre municipal de Palafrugell la cantata &#8220;La f\u00e0brica de colors&#8221;.&hellip;  <a href=\"https:\/\/agora.xtec.cat\/ceiptorresjonama\/general\/cantata\/\" title=\"Read Cantata\">Llegeix m\u00e9s\u00bb<\/a><\/p>\n","protected":false},"author":1,"featured_media":0,"comment_status":"closed","ping_status":"closed","sticky":false,"template":"","format":"standard","meta":{"_bbp_topic_count":0,"_bbp_reply_count":0,"_bbp_total_topic_count":0,"_bbp_total_reply_count":0,"_bbp_voice_count":0,"_bbp_anonymous_reply_count":0,"_bbp_topic_count_hidden":0,"_bbp_reply_count_hidden":0,"_bbp_forum_subforum_count":0,"footnotes":""},"categories":[1],"tags":[],"class_list":["post-1315","post","type-post","status-publish","format-standard","hentry","category-general"],"post_mailing_queue_ids":[],"_links":{"self":[{"href":"https:\/\/agora.xtec.cat\/ceiptorresjonama\/wp-json\/wp\/v2\/posts\/1315","targetHints":{"allow":["GET"]}}],"collection":[{"href":"https:\/\/agora.xtec.cat\/ceiptorresjonama\/wp-json\/wp\/v2\/posts"}],"about":[{"href":"https:\/\/agora.xtec.cat\/ceiptorresjonama\/wp-json\/wp\/v2\/types\/post"}],"author":[{"embeddable":true,"href":"https:\/\/agora.xtec.cat\/ceiptorresjonama\/wp-json\/wp\/v2\/users\/1"}],"replies":[{"embeddable":true,"href":"https:\/\/agora.xtec.cat\/ceiptorresjonama\/wp-json\/wp\/v2\/comments?post=1315"}],"version-history":[{"count":1,"href":"https:\/\/agora.xtec.cat\/ceiptorresjonama\/wp-json\/wp\/v2\/posts\/1315\/revisions"}],"predecessor-version":[{"id":1447,"href":"https:\/\/agora.xtec.cat\/ceiptorresjonama\/wp-json\/wp\/v2\/posts\/1315\/revisions\/1447"}],"wp:attachment":[{"href":"https:\/\/agora.xtec.cat\/ceiptorresjonama\/wp-json\/wp\/v2\/media?parent=1315"}],"wp:term":[{"taxonomy":"category","embeddable":true,"href":"https:\/\/agora.xtec.cat\/ceiptorresjonama\/wp-json\/wp\/v2\/categories?post=1315"},{"taxonomy":"post_tag","embeddable":true,"href":"https:\/\/agora.xtec.cat\/ceiptorresjonama\/wp-json\/wp\/v2\/tags?post=1315"}],"curies":[{"name":"wp","href":"https:\/\/api.w.org\/{rel}","templated":true}]}}