{"id":1305,"date":"2019-03-12T11:12:30","date_gmt":"2019-03-12T10:12:30","guid":{"rendered":"https:\/\/torresjonama.wordpress.com\/?p=1305"},"modified":"2023-04-08T11:20:12","modified_gmt":"2023-04-08T09:20:12","slug":"pompeu-fabra","status":"publish","type":"post","link":"https:\/\/agora.xtec.cat\/ceiptorresjonama\/general\/pompeu-fabra\/","title":{"rendered":"Pompeu Fabra"},"content":{"rendered":"<p style=\"text-align: justify;\">Benvolgudes fam\u00edlies,<\/p>\n<p style=\"text-align: justify;\">Compartim amb vosaltres el v\u00eddeo de la setmana de l&#8217;eix que enguany hem dedicat a en Pompeu Fabra en motiu del 150\u00e8 aniversari del seu naixement. Hi veureu les activitats i tasques que s&#8217;han dut a terme, com sempre, en tots els cursos i nivells (des d&#8217;Educaci\u00f3 Infantil fins a Cicle Superior). El v\u00eddeo l&#8217;han realitzat els alumnes de 5\u00e8, i la setmana vinent el presentarem a una jornada pedag\u00f2gica que organitza l&#8217;Institut d&#8217;Estudis Catalans.<\/p>\n<p style=\"text-align: justify;\">Esperem que us agradi:<\/p>\n<p><iframe loading=\"lazy\" title=\"Setmana de l&#039;eix: Pompeu Fabra\" width=\"500\" height=\"281\" src=\"https:\/\/www.youtube.com\/embed\/pVkhWG9GE1k?feature=oembed\" frameborder=\"0\" allow=\"accelerometer; autoplay; clipboard-write; encrypted-media; gyroscope; picture-in-picture; web-share\" referrerpolicy=\"strict-origin-when-cross-origin\" allowfullscreen><\/iframe><\/p>\n<p>&nbsp;<\/p>\n","protected":false},"excerpt":{"rendered":"<p>Benvolgudes fam\u00edlies,<br \/>\nCompartim amb vosaltres el v\u00eddeo de la setmana de l&#8217;eix que enguany hem dedicat a en Pompeu Fabra en motiu del 150\u00e8 aniversari del seu naixement. Hi veureu les activitats i tasques que s&#8217;han dut a terme, com sempre, en tots els cursos i&hellip;  <a href=\"https:\/\/agora.xtec.cat\/ceiptorresjonama\/general\/pompeu-fabra\/\" title=\"Read Pompeu Fabra\">Llegeix m\u00e9s\u00bb<\/a><\/p>\n","protected":false},"author":1,"featured_media":0,"comment_status":"closed","ping_status":"closed","sticky":false,"template":"","format":"standard","meta":{"_bbp_topic_count":0,"_bbp_reply_count":0,"_bbp_total_topic_count":0,"_bbp_total_reply_count":0,"_bbp_voice_count":0,"_bbp_anonymous_reply_count":0,"_bbp_topic_count_hidden":0,"_bbp_reply_count_hidden":0,"_bbp_forum_subforum_count":0,"footnotes":""},"categories":[1],"tags":[],"class_list":["post-1305","post","type-post","status-publish","format-standard","hentry","category-general"],"post_mailing_queue_ids":[],"_links":{"self":[{"href":"https:\/\/agora.xtec.cat\/ceiptorresjonama\/wp-json\/wp\/v2\/posts\/1305","targetHints":{"allow":["GET"]}}],"collection":[{"href":"https:\/\/agora.xtec.cat\/ceiptorresjonama\/wp-json\/wp\/v2\/posts"}],"about":[{"href":"https:\/\/agora.xtec.cat\/ceiptorresjonama\/wp-json\/wp\/v2\/types\/post"}],"author":[{"embeddable":true,"href":"https:\/\/agora.xtec.cat\/ceiptorresjonama\/wp-json\/wp\/v2\/users\/1"}],"replies":[{"embeddable":true,"href":"https:\/\/agora.xtec.cat\/ceiptorresjonama\/wp-json\/wp\/v2\/comments?post=1305"}],"version-history":[{"count":1,"href":"https:\/\/agora.xtec.cat\/ceiptorresjonama\/wp-json\/wp\/v2\/posts\/1305\/revisions"}],"predecessor-version":[{"id":1449,"href":"https:\/\/agora.xtec.cat\/ceiptorresjonama\/wp-json\/wp\/v2\/posts\/1305\/revisions\/1449"}],"wp:attachment":[{"href":"https:\/\/agora.xtec.cat\/ceiptorresjonama\/wp-json\/wp\/v2\/media?parent=1305"}],"wp:term":[{"taxonomy":"category","embeddable":true,"href":"https:\/\/agora.xtec.cat\/ceiptorresjonama\/wp-json\/wp\/v2\/categories?post=1305"},{"taxonomy":"post_tag","embeddable":true,"href":"https:\/\/agora.xtec.cat\/ceiptorresjonama\/wp-json\/wp\/v2\/tags?post=1305"}],"curies":[{"name":"wp","href":"https:\/\/api.w.org\/{rel}","templated":true}]}}