{"id":1300,"date":"2019-03-10T21:25:44","date_gmt":"2019-03-10T20:25:44","guid":{"rendered":"https:\/\/torresjonama.wordpress.com\/?p=1300"},"modified":"2023-04-08T12:28:12","modified_gmt":"2023-04-08T10:28:12","slug":"donacio-de-sang","status":"publish","type":"post","link":"https:\/\/agora.xtec.cat\/ceiptorresjonama\/uncategorized\/donacio-de-sang\/","title":{"rendered":"Donaci\u00f3 de sang 2023"},"content":{"rendered":"<p style=\"text-align: justify;\">Benvolgudes fam\u00edlies,<\/p>\n<p><span style=\"font-weight: 400;\">Com ja sabeu de cada any l&#8217;alumnat de 5\u00e8 o 6\u00e8 de l\u2019escola participem en un Projecte d\u2019Aprenentatge i Servei col\u00b7laborant amb el Banc de Sang i Teixits. <\/span><span style=\"font-weight: 400;\">Ens han explicat que nom\u00e9s la medul\u00b7la \u00f2ssia de les persones pot fabricar la sang. Tamb\u00e9 que els components de la sang que extreuen en una donaci\u00f3 es caduquen, no duren molt de temps.<\/span><\/p>\n<p><span style=\"font-weight: 400;\">Desitjar\u00edem que tots els pares i mares, i familiars que pugueu, vingu\u00e9ssiu a la donaci\u00f3 d\u2019aquest any on us atendrem.<\/span><\/p>\n<p><span style=\"font-weight: 400;\">Us informem que aquesta donaci\u00f3 ser\u00e0 <\/span><b>dilluns 16 de mar\u00e7, <\/b><span style=\"font-weight: 400;\">de <\/span><b>17:00 a 21:00 hores<\/b><span style=\"font-weight: 400;\"> al pavell\u00f3 de <\/span><b>l\u2019Ajuntament de Mont-ras.<\/b><\/p>\n<p><span style=\"font-weight: 400;\">Esperem trobar-nos aquest dia. Gr\u00e0cies!<\/span><\/p>\n<p><span style=\"font-weight: 400;\">I recordeu<\/span><\/p>\n<p style=\"text-align: center;\"><strong>DONAR SANG \u00c9S VIDA QUE COMPARTEIXES!<\/strong><\/p>\n<p style=\"text-align: center;\"><a href=\"https:\/\/agora.xtec.cat\/ceiptorresjonama\/wp-content\/uploads\/usu279\/2019\/03\/Imatge-donacio-sang.jpg\"><img loading=\"lazy\" decoding=\"async\" class=\"aligncenter size-medium wp-image-7880\" src=\"https:\/\/agora.xtec.cat\/ceiptorresjonama\/wp-content\/uploads\/usu279\/2019\/03\/Imatge-donacio-sang-300x212.jpg\" alt=\"\" width=\"300\" height=\"212\" srcset=\"https:\/\/agora.xtec.cat\/ceiptorresjonama\/wp-content\/uploads\/usu279\/2019\/03\/Imatge-donacio-sang-300x212.jpg 300w, https:\/\/agora.xtec.cat\/ceiptorresjonama\/wp-content\/uploads\/usu279\/2019\/03\/Imatge-donacio-sang-1024x724.jpg 1024w, https:\/\/agora.xtec.cat\/ceiptorresjonama\/wp-content\/uploads\/usu279\/2019\/03\/Imatge-donacio-sang-768x543.jpg 768w, https:\/\/agora.xtec.cat\/ceiptorresjonama\/wp-content\/uploads\/usu279\/2019\/03\/Imatge-donacio-sang-1536x1086.jpg 1536w, https:\/\/agora.xtec.cat\/ceiptorresjonama\/wp-content\/uploads\/usu279\/2019\/03\/Imatge-donacio-sang-2048x1448.jpg 2048w\" sizes=\"auto, (max-width: 300px) 100vw, 300px\" \/><\/a><\/p>\n<p>&nbsp;<\/p>\n<p>&nbsp;<\/p>\n","protected":false},"excerpt":{"rendered":"<p>Benvolgudes fam\u00edlies,<br \/>\nCom ja sabeu de cada any l&#8217;alumnat de 5\u00e8 o 6\u00e8 de l\u2019escola participem en un Projecte d\u2019Aprenentatge i Servei col\u00b7laborant amb el Banc de Sang i Teixits. Ens han explicat que nom\u00e9s la medul\u00b7la \u00f2ssia de les persones pot fabricar la sang. Tamb\u00e9&hellip;  <a href=\"https:\/\/agora.xtec.cat\/ceiptorresjonama\/uncategorized\/donacio-de-sang\/\" title=\"Read Donaci\u00f3 de sang 2023\">Llegeix m\u00e9s\u00bb<\/a><\/p>\n","protected":false},"author":1,"featured_media":0,"comment_status":"closed","ping_status":"closed","sticky":false,"template":"","format":"standard","meta":{"_bbp_topic_count":0,"_bbp_reply_count":0,"_bbp_total_topic_count":0,"_bbp_total_reply_count":0,"_bbp_voice_count":0,"_bbp_anonymous_reply_count":0,"_bbp_topic_count_hidden":0,"_bbp_reply_count_hidden":0,"_bbp_forum_subforum_count":0,"footnotes":""},"categories":[60],"tags":[],"class_list":["post-1300","post","type-post","status-publish","format-standard","hentry","category-uncategorized"],"post_mailing_queue_ids":[],"_links":{"self":[{"href":"https:\/\/agora.xtec.cat\/ceiptorresjonama\/wp-json\/wp\/v2\/posts\/1300","targetHints":{"allow":["GET"]}}],"collection":[{"href":"https:\/\/agora.xtec.cat\/ceiptorresjonama\/wp-json\/wp\/v2\/posts"}],"about":[{"href":"https:\/\/agora.xtec.cat\/ceiptorresjonama\/wp-json\/wp\/v2\/types\/post"}],"author":[{"embeddable":true,"href":"https:\/\/agora.xtec.cat\/ceiptorresjonama\/wp-json\/wp\/v2\/users\/1"}],"replies":[{"embeddable":true,"href":"https:\/\/agora.xtec.cat\/ceiptorresjonama\/wp-json\/wp\/v2\/comments?post=1300"}],"version-history":[{"count":3,"href":"https:\/\/agora.xtec.cat\/ceiptorresjonama\/wp-json\/wp\/v2\/posts\/1300\/revisions"}],"predecessor-version":[{"id":7881,"href":"https:\/\/agora.xtec.cat\/ceiptorresjonama\/wp-json\/wp\/v2\/posts\/1300\/revisions\/7881"}],"wp:attachment":[{"href":"https:\/\/agora.xtec.cat\/ceiptorresjonama\/wp-json\/wp\/v2\/media?parent=1300"}],"wp:term":[{"taxonomy":"category","embeddable":true,"href":"https:\/\/agora.xtec.cat\/ceiptorresjonama\/wp-json\/wp\/v2\/categories?post=1300"},{"taxonomy":"post_tag","embeddable":true,"href":"https:\/\/agora.xtec.cat\/ceiptorresjonama\/wp-json\/wp\/v2\/tags?post=1300"}],"curies":[{"name":"wp","href":"https:\/\/api.w.org\/{rel}","templated":true}]}}