{"id":1260,"date":"2018-12-21T12:05:53","date_gmt":"2018-12-21T11:05:53","guid":{"rendered":"https:\/\/torresjonama.wordpress.com\/?p=1260"},"modified":"2019-08-12T13:17:08","modified_gmt":"2019-08-12T11:17:08","slug":"1260","status":"publish","type":"post","link":"https:\/\/agora.xtec.cat\/ceiptorresjonama\/general\/1260\/","title":{"rendered":"Nadal 2018"},"content":{"rendered":"<p style=\"text-align: justify;\">Benvolgudes fam\u00edlies,<\/p>\n<p style=\"text-align: justify;\">Compartim amb vosaltres les fotografies del Festival de Nadal d&#8217;ahir al mat\u00ed. Com ja \u00e9s habitual, els alumnes van cantar diverses can\u00e7ons en catal\u00e0 i en angl\u00e8s, presentades pels alumnes de 6\u00e8. Tots van fer-ho molt i molt b\u00e9, i volem felicitar-vos per les seves actuacions. Accedireu a l&#8217;\u00e0lbum sencer si cliqueu sobre la seg\u00fcent fotografia:<\/p>\n<p><a href=\"https:\/\/photos.app.goo.gl\/uRWjBBo4bdvjim2bA\"><img loading=\"lazy\" decoding=\"async\" class=\"alignnone size-full wp-image-1261\" src=\"https:\/\/agora.xtec.cat\/ceiptorresjonama\/wp-content\/uploads\/usu279\/2018\/12\/IMG_20181220_093628.jpg\" alt=\"dav\" width=\"4160\" height=\"3120\" srcset=\"https:\/\/agora.xtec.cat\/ceiptorresjonama\/wp-content\/uploads\/usu279\/2018\/12\/IMG_20181220_093628.jpg 4160w, https:\/\/agora.xtec.cat\/ceiptorresjonama\/wp-content\/uploads\/usu279\/2018\/12\/IMG_20181220_093628-300x225.jpg 300w, https:\/\/agora.xtec.cat\/ceiptorresjonama\/wp-content\/uploads\/usu279\/2018\/12\/IMG_20181220_093628-768x576.jpg 768w, https:\/\/agora.xtec.cat\/ceiptorresjonama\/wp-content\/uploads\/usu279\/2018\/12\/IMG_20181220_093628-1024x768.jpg 1024w, https:\/\/agora.xtec.cat\/ceiptorresjonama\/wp-content\/uploads\/usu279\/2018\/12\/IMG_20181220_093628-200x150.jpg 200w\" sizes=\"auto, (max-width: 4160px) 100vw, 4160px\" \/><\/a><\/p>\n<p style=\"text-align: justify;\">Tamb\u00e9 volem aprofitar per a presentar-vos la selecci\u00f3 de llibres infantils i juvenils recomanats a trav\u00e9s de la Guia CLER que preparen conjuntament les biblioteques p\u00fabliques de les comarques gironines, amb la col\u00b7laboraci\u00f3 del Seminari de Biblioteques del Baix Empord\u00e0:<\/p>\n<p><a title=\"GUIA_nadal_2018\" href=\"https:\/\/agora.xtec.cat\/ceiptorresjonama\/wp-content\/uploads\/usu279\/2018\/12\/GUIA_nadal_2018.pdf\">GUIA_nadal_2018<\/a><\/p>\n<p style=\"text-align: justify;\">Esperem que us agradin les fotografies, que us siguin \u00fatils les recomanacions liter\u00e0ries, i amb una fotografia final del pessebre que enguany han fet els alumnes de l&#8217;escola, aprofitem per a desitjar-vos un molt bon Nadal!<\/p>\n<p><img loading=\"lazy\" decoding=\"async\" class=\"alignnone size-full wp-image-1262\" src=\"https:\/\/agora.xtec.cat\/ceiptorresjonama\/wp-content\/uploads\/usu279\/2018\/12\/IMG-20181203-WA0039.jpg\" alt=\"IMG-20181203-WA0039\" width=\"1600\" height=\"1200\" srcset=\"https:\/\/agora.xtec.cat\/ceiptorresjonama\/wp-content\/uploads\/usu279\/2018\/12\/IMG-20181203-WA0039.jpg 1600w, https:\/\/agora.xtec.cat\/ceiptorresjonama\/wp-content\/uploads\/usu279\/2018\/12\/IMG-20181203-WA0039-300x225.jpg 300w, https:\/\/agora.xtec.cat\/ceiptorresjonama\/wp-content\/uploads\/usu279\/2018\/12\/IMG-20181203-WA0039-768x576.jpg 768w, https:\/\/agora.xtec.cat\/ceiptorresjonama\/wp-content\/uploads\/usu279\/2018\/12\/IMG-20181203-WA0039-1024x768.jpg 1024w, https:\/\/agora.xtec.cat\/ceiptorresjonama\/wp-content\/uploads\/usu279\/2018\/12\/IMG-20181203-WA0039-200x150.jpg 200w\" sizes=\"auto, (max-width: 1600px) 100vw, 1600px\" \/><\/p>\n<p>BON NADAL I BONES FESTES A TOTHOM<\/p>\n<p>Equip docent<\/p>\n<p>&nbsp;<\/p>\n","protected":false},"excerpt":{"rendered":"<p>Benvolgudes fam\u00edlies,<br \/>\nCompartim amb vosaltres les fotografies del Festival de Nadal d&#8217;ahir al mat\u00ed. Com ja \u00e9s habitual, els alumnes van cantar diverses can\u00e7ons en catal\u00e0 i en angl\u00e8s, presentades pels alumnes de 6\u00e8. Tots van fer-ho molt i molt b\u00e9, i volem felicitar-vos per les&hellip;  <a href=\"https:\/\/agora.xtec.cat\/ceiptorresjonama\/general\/1260\/\" title=\"Read Nadal 2018\">Llegeix m\u00e9s\u00bb<\/a><\/p>\n","protected":false},"author":1,"featured_media":0,"comment_status":"closed","ping_status":"closed","sticky":false,"template":"","format":"standard","meta":{"_bbp_topic_count":0,"_bbp_reply_count":0,"_bbp_total_topic_count":0,"_bbp_total_reply_count":0,"_bbp_voice_count":0,"_bbp_anonymous_reply_count":0,"_bbp_topic_count_hidden":0,"_bbp_reply_count_hidden":0,"_bbp_forum_subforum_count":0,"footnotes":""},"categories":[1],"tags":[],"class_list":["post-1260","post","type-post","status-publish","format-standard","hentry","category-general"],"post_mailing_queue_ids":[],"_links":{"self":[{"href":"https:\/\/agora.xtec.cat\/ceiptorresjonama\/wp-json\/wp\/v2\/posts\/1260","targetHints":{"allow":["GET"]}}],"collection":[{"href":"https:\/\/agora.xtec.cat\/ceiptorresjonama\/wp-json\/wp\/v2\/posts"}],"about":[{"href":"https:\/\/agora.xtec.cat\/ceiptorresjonama\/wp-json\/wp\/v2\/types\/post"}],"author":[{"embeddable":true,"href":"https:\/\/agora.xtec.cat\/ceiptorresjonama\/wp-json\/wp\/v2\/users\/1"}],"replies":[{"embeddable":true,"href":"https:\/\/agora.xtec.cat\/ceiptorresjonama\/wp-json\/wp\/v2\/comments?post=1260"}],"version-history":[{"count":1,"href":"https:\/\/agora.xtec.cat\/ceiptorresjonama\/wp-json\/wp\/v2\/posts\/1260\/revisions"}],"predecessor-version":[{"id":1435,"href":"https:\/\/agora.xtec.cat\/ceiptorresjonama\/wp-json\/wp\/v2\/posts\/1260\/revisions\/1435"}],"wp:attachment":[{"href":"https:\/\/agora.xtec.cat\/ceiptorresjonama\/wp-json\/wp\/v2\/media?parent=1260"}],"wp:term":[{"taxonomy":"category","embeddable":true,"href":"https:\/\/agora.xtec.cat\/ceiptorresjonama\/wp-json\/wp\/v2\/categories?post=1260"},{"taxonomy":"post_tag","embeddable":true,"href":"https:\/\/agora.xtec.cat\/ceiptorresjonama\/wp-json\/wp\/v2\/tags?post=1260"}],"curies":[{"name":"wp","href":"https:\/\/api.w.org\/{rel}","templated":true}]}}