{"id":1246,"date":"2018-11-09T21:58:09","date_gmt":"2018-11-09T20:58:09","guid":{"rendered":"https:\/\/torresjonama.wordpress.com\/?p=1246"},"modified":"2019-08-12T13:26:14","modified_gmt":"2019-08-12T11:26:14","slug":"la-castanyada-3","status":"publish","type":"post","link":"https:\/\/agora.xtec.cat\/ceiptorresjonama\/general\/la-castanyada-3\/","title":{"rendered":"La Castanyada 2018"},"content":{"rendered":"<p><em>Text i publicaci\u00f3 feta per part dels alumnes de cinqu\u00e8 de l&#8217;escola:<\/em><\/p>\n<p style=\"text-align: justify;\">El passat dia 31 d&#8217;octubre vam celebrar la Castanyada a l&#8217;escola. A la tarda vam menjar castanyes, per\u00f2 no vam poder sortir al pati perqu\u00e8 plovia. Vam baixar a buscar-les al pati dels petits, on les torraven, i vam tornar a les aules on vam acabar de celebrar la tradici\u00f3.<\/p>\n<p style=\"text-align: justify;\">El dia anterior, el 30 d&#8217;octubre, els alumnes de cinqu\u00e8 ens vam disfressar de: bruixes, fantasmes, vampirs, esquelets, dimonis, m\u00f2mies&#8230;Vam organitzar-nos en grups i vam passar per totes les aules del centre. A cada classe, vam explicar qu\u00e8 \u00e9s el &#8220;Halloween&#8221; i el &#8220;Trick or treat&#8221; en dos lleng\u00fces (angl\u00e8s i catal\u00e0). Quan acab\u00e0vem les nostres explicacions, els deman\u00e0vem als alumnes si volien fer &#8220;truc o tracte&#8221;. Van acceptar el tracte (tots, menys els de sis\u00e8) i ens van donar llaminadures (xocolata). An\u00e0vem tan ben disfressats que f\u00e8iem una mica de por! Ens ho vam passar molt i molt b\u00e9.<\/p>\n<p style=\"text-align: justify;\">Volem compartir amb tots vosaltres un \u00e0lbum amb fotografies d&#8217;aquests dos dies. Heu de clicar sobre la fotografia per tal d&#8217;accedir-hi (n&#8217;hi afegirem m\u00e9s). Esperem que us agradin!<\/p>\n<p style=\"text-align: justify;\"><a href=\"https:\/\/photos.app.goo.gl\/2iiPyJBSuWwToDLJ7\"><img loading=\"lazy\" decoding=\"async\" class=\"alignnone size-full wp-image-1248\" src=\"https:\/\/agora.xtec.cat\/ceiptorresjonama\/wp-content\/uploads\/usu279\/2018\/11\/castanyada.jpg\" alt=\"castanyada\" width=\"815\" height=\"611\" srcset=\"https:\/\/agora.xtec.cat\/ceiptorresjonama\/wp-content\/uploads\/usu279\/2018\/11\/castanyada.jpg 815w, https:\/\/agora.xtec.cat\/ceiptorresjonama\/wp-content\/uploads\/usu279\/2018\/11\/castanyada-300x225.jpg 300w, https:\/\/agora.xtec.cat\/ceiptorresjonama\/wp-content\/uploads\/usu279\/2018\/11\/castanyada-768x576.jpg 768w, https:\/\/agora.xtec.cat\/ceiptorresjonama\/wp-content\/uploads\/usu279\/2018\/11\/castanyada-200x150.jpg 200w\" sizes=\"auto, (max-width: 815px) 100vw, 815px\" \/><\/a><\/p>\n<p>&nbsp;<\/p>\n","protected":false},"excerpt":{"rendered":"<p>Text i publicaci\u00f3 feta per part dels alumnes de cinqu\u00e8 de l&#8217;escola:<br \/>\nEl passat dia 31 d&#8217;octubre vam celebrar la Castanyada a l&#8217;escola. A la tarda vam menjar castanyes, per\u00f2 no vam poder sortir al pati perqu\u00e8 plovia. Vam baixar a buscar-les al pati dels petits,&hellip;  <a href=\"https:\/\/agora.xtec.cat\/ceiptorresjonama\/general\/la-castanyada-3\/\" title=\"Read La Castanyada 2018\">Llegeix m\u00e9s\u00bb<\/a><\/p>\n","protected":false},"author":1,"featured_media":0,"comment_status":"closed","ping_status":"closed","sticky":false,"template":"","format":"standard","meta":{"_bbp_topic_count":0,"_bbp_reply_count":0,"_bbp_total_topic_count":0,"_bbp_total_reply_count":0,"_bbp_voice_count":0,"_bbp_anonymous_reply_count":0,"_bbp_topic_count_hidden":0,"_bbp_reply_count_hidden":0,"_bbp_forum_subforum_count":0,"footnotes":""},"categories":[1],"tags":[],"class_list":["post-1246","post","type-post","status-publish","format-standard","hentry","category-general"],"post_mailing_queue_ids":[],"_links":{"self":[{"href":"https:\/\/agora.xtec.cat\/ceiptorresjonama\/wp-json\/wp\/v2\/posts\/1246","targetHints":{"allow":["GET"]}}],"collection":[{"href":"https:\/\/agora.xtec.cat\/ceiptorresjonama\/wp-json\/wp\/v2\/posts"}],"about":[{"href":"https:\/\/agora.xtec.cat\/ceiptorresjonama\/wp-json\/wp\/v2\/types\/post"}],"author":[{"embeddable":true,"href":"https:\/\/agora.xtec.cat\/ceiptorresjonama\/wp-json\/wp\/v2\/users\/1"}],"replies":[{"embeddable":true,"href":"https:\/\/agora.xtec.cat\/ceiptorresjonama\/wp-json\/wp\/v2\/comments?post=1246"}],"version-history":[{"count":1,"href":"https:\/\/agora.xtec.cat\/ceiptorresjonama\/wp-json\/wp\/v2\/posts\/1246\/revisions"}],"predecessor-version":[{"id":1432,"href":"https:\/\/agora.xtec.cat\/ceiptorresjonama\/wp-json\/wp\/v2\/posts\/1246\/revisions\/1432"}],"wp:attachment":[{"href":"https:\/\/agora.xtec.cat\/ceiptorresjonama\/wp-json\/wp\/v2\/media?parent=1246"}],"wp:term":[{"taxonomy":"category","embeddable":true,"href":"https:\/\/agora.xtec.cat\/ceiptorresjonama\/wp-json\/wp\/v2\/categories?post=1246"},{"taxonomy":"post_tag","embeddable":true,"href":"https:\/\/agora.xtec.cat\/ceiptorresjonama\/wp-json\/wp\/v2\/tags?post=1246"}],"curies":[{"name":"wp","href":"https:\/\/api.w.org\/{rel}","templated":true}]}}