{"id":1231,"date":"2018-06-28T21:18:44","date_gmt":"2018-06-28T20:18:44","guid":{"rendered":"https:\/\/torresjonama.wordpress.com\/?p=1231"},"modified":"2019-08-18T19:07:50","modified_gmt":"2019-08-18T17:07:50","slug":"festa-de-final-de-curs","status":"publish","type":"post","link":"https:\/\/agora.xtec.cat\/ceiptorresjonama\/general\/festa-de-final-de-curs\/","title":{"rendered":"Festa de final de curs"},"content":{"rendered":"<p style=\"text-align: justify;\">Benvolgudes fam\u00edlies,<\/p>\n<p style=\"text-align: justify;\">El passat dia 22 de juny vam celebrar la &#8220;festa de final de curs&#8221; durant tot el mat\u00ed. Primer els alumnes van quedar repartits en diversos grups mixtes (barrejats per edat i nivell) i es van moure pel pati participant en diversos jocs d\u2019aigua, i altres activitats, que els hav\u00edem preparat pr\u00e8viament.<\/p>\n<p style=\"text-align: justify;\">A continuaci\u00f3, tal com ja \u00e9s habitual, vam esmorzar s\u00edndria i, finalment, vam dur a terme el comiat de sis\u00e8: Els alumnes van realitzar un espectacle &#8220;d\u2019acro-esport&#8221; obert a les fam\u00edlies i, a continuaci\u00f3, la M.\u00c0ngels, com a directora, els va fer un discurs emotiu per tal d\u2019acomiadar-los i desitjar-los una molt bona entrada a la nova etapa que a partir d\u2019ara comen\u00e7aran fora de l\u2019escola.<\/p>\n<p style=\"text-align: justify;\">Compartim l\u2019\u00e0lbum de fotografies i aprofitem, a la vegada, per a desitjar-vos un molt bon estiu!<\/p>\n<p><a href=\"https:\/\/photos.app.goo.gl\/95FEukQvYzZfyTXp9\"><img loading=\"lazy\" decoding=\"async\" class=\"alignnone size-full wp-image-1232\" src=\"https:\/\/agora.xtec.cat\/ceiptorresjonama\/wp-content\/uploads\/usu279\/2018\/06\/img-20180622-wa0036.jpg\" alt=\"IMG-20180622-WA0036.jpg\" width=\"1599\" height=\"1200\" srcset=\"https:\/\/agora.xtec.cat\/ceiptorresjonama\/wp-content\/uploads\/usu279\/2018\/06\/img-20180622-wa0036.jpg 1599w, https:\/\/agora.xtec.cat\/ceiptorresjonama\/wp-content\/uploads\/usu279\/2018\/06\/img-20180622-wa0036-300x225.jpg 300w, https:\/\/agora.xtec.cat\/ceiptorresjonama\/wp-content\/uploads\/usu279\/2018\/06\/img-20180622-wa0036-768x576.jpg 768w, https:\/\/agora.xtec.cat\/ceiptorresjonama\/wp-content\/uploads\/usu279\/2018\/06\/img-20180622-wa0036-1024x768.jpg 1024w, https:\/\/agora.xtec.cat\/ceiptorresjonama\/wp-content\/uploads\/usu279\/2018\/06\/img-20180622-wa0036-200x150.jpg 200w\" sizes=\"auto, (max-width: 1599px) 100vw, 1599px\" \/><\/a><\/p>\n<p>&nbsp;<\/p>\n","protected":false},"excerpt":{"rendered":"<p>Benvolgudes fam\u00edlies,<br \/>\nEl passat dia 22 de juny vam celebrar la &#8220;festa de final de curs&#8221; durant tot el mat\u00ed. Primer els alumnes van quedar repartits en diversos grups mixtes (barrejats per edat i nivell) i es van moure pel pati participant en diversos jocs d\u2019aigua,&hellip;  <a href=\"https:\/\/agora.xtec.cat\/ceiptorresjonama\/general\/festa-de-final-de-curs\/\" title=\"Read Festa de final de curs\">Llegeix m\u00e9s\u00bb<\/a><\/p>\n","protected":false},"author":1,"featured_media":0,"comment_status":"closed","ping_status":"closed","sticky":false,"template":"","format":"standard","meta":{"_bbp_topic_count":0,"_bbp_reply_count":0,"_bbp_total_topic_count":0,"_bbp_total_reply_count":0,"_bbp_voice_count":0,"_bbp_anonymous_reply_count":0,"_bbp_topic_count_hidden":0,"_bbp_reply_count_hidden":0,"_bbp_forum_subforum_count":0,"footnotes":""},"categories":[1,5],"tags":[],"class_list":["post-1231","post","type-post","status-publish","format-standard","hentry","category-general","category-primaria"],"post_mailing_queue_ids":[],"_links":{"self":[{"href":"https:\/\/agora.xtec.cat\/ceiptorresjonama\/wp-json\/wp\/v2\/posts\/1231","targetHints":{"allow":["GET"]}}],"collection":[{"href":"https:\/\/agora.xtec.cat\/ceiptorresjonama\/wp-json\/wp\/v2\/posts"}],"about":[{"href":"https:\/\/agora.xtec.cat\/ceiptorresjonama\/wp-json\/wp\/v2\/types\/post"}],"author":[{"embeddable":true,"href":"https:\/\/agora.xtec.cat\/ceiptorresjonama\/wp-json\/wp\/v2\/users\/1"}],"replies":[{"embeddable":true,"href":"https:\/\/agora.xtec.cat\/ceiptorresjonama\/wp-json\/wp\/v2\/comments?post=1231"}],"version-history":[{"count":1,"href":"https:\/\/agora.xtec.cat\/ceiptorresjonama\/wp-json\/wp\/v2\/posts\/1231\/revisions"}],"predecessor-version":[{"id":1574,"href":"https:\/\/agora.xtec.cat\/ceiptorresjonama\/wp-json\/wp\/v2\/posts\/1231\/revisions\/1574"}],"wp:attachment":[{"href":"https:\/\/agora.xtec.cat\/ceiptorresjonama\/wp-json\/wp\/v2\/media?parent=1231"}],"wp:term":[{"taxonomy":"category","embeddable":true,"href":"https:\/\/agora.xtec.cat\/ceiptorresjonama\/wp-json\/wp\/v2\/categories?post=1231"},{"taxonomy":"post_tag","embeddable":true,"href":"https:\/\/agora.xtec.cat\/ceiptorresjonama\/wp-json\/wp\/v2\/tags?post=1231"}],"curies":[{"name":"wp","href":"https:\/\/api.w.org\/{rel}","templated":true}]}}