{"id":1225,"date":"2018-06-28T20:58:32","date_gmt":"2018-06-28T19:58:32","guid":{"rendered":"https:\/\/torresjonama.wordpress.com\/?p=1225"},"modified":"2019-08-18T13:32:01","modified_gmt":"2019-08-18T11:32:01","slug":"lola-casas","status":"publish","type":"post","link":"https:\/\/agora.xtec.cat\/ceiptorresjonama\/general\/lola-casas\/","title":{"rendered":"Lola Casas"},"content":{"rendered":"<p style=\"text-align: justify;\">Benvolgudes fam\u00edlies,<\/p>\n<p style=\"text-align: justify;\">Volem compartir amb vosaltres un PowerPoint on es mostra el treball realitzat per Sant Jordi (i al llarg del curs), entre la biblioteca i les aules, tal com ja \u00e9s habitual. Enguany hem &#8220;viatjat&#8221; i apr\u00e8s moltes coses a trav\u00e9s dels contes de la Lola Casas, autora que tamb\u00e9 va poder visitar-nos, oferint-nos moments irrepetibles que tamb\u00e9 volem compartir mitjan\u00e7ant uns v\u00eddeos enlla\u00e7ats aqu\u00ed sota. Amb ella vam poder llegir, recitar, cantar&#8230; Fins i tot va ensenyar-nos a ballar un poema que li havien &#8220;musicat&#8221;!<\/p>\n<p style=\"text-align: justify;\">A part d&#8217;un treball fant\u00e0stic, dut a terme per part de cada curs o nivell, aprofitem per a explicar-vos que el nostre mestre de m\u00fasica, en Josep Prats, tamb\u00e9 es va atrevir a posar melodia a les lletres d&#8217;aquesta autora tan especial. Per aquest motiu, vam poder oferir un petit concert com a cloenda, dedicat a la Lola i obert tamb\u00e9 a les fam\u00edlies, abans d&#8217;acomiadar-nos d&#8217;ella amb un &#8220;fins aviat&#8221;. Perqu\u00e8, potser no la tornarem a veure, per\u00f2 de ben segur que sempre la &#8220;retrobarem&#8221; als seus contes.<\/p>\n<iframe loading=\"lazy\" src=\"https:\/\/www.slideshare.net\/slideshow\/embed_code\/103270770\" width=\"400\" height=\"337\" frameborder=\"0\" marginwidth=\"0\" marginheight=\"0\" scrolling=\"no\"><\/iframe><br\/>\n<p>&nbsp;<\/p>\n<p>Aqu\u00ed teniu dos v\u00eddeos, a tall d&#8217;exemple, del total de 7 que trobareu enlla\u00e7ats a continuaci\u00f3:<\/p>\n<table>\n<tbody>\n<tr>\n<td><iframe loading=\"lazy\" src=\"https:\/\/www.youtube.com\/embed\/aM9KTKHV_hg\" width=\"400\" height=\"315\" frameborder=\"0\" allowfullscreen=\"allowfullscreen\"><span data-mce-type=\"bookmark\" style=\"display: inline-block; width: 0px; overflow: hidden; line-height: 0;\" class=\"mce_SELRES_start\">\ufeff<\/span><\/iframe><\/td>\n<td><iframe loading=\"lazy\" src=\"https:\/\/www.youtube.com\/embed\/zlx2r30ie-w\" width=\"400\" height=\"315\" frameborder=\"0\" allowfullscreen=\"allowfullscreen\"><\/iframe><\/td>\n<\/tr>\n<\/tbody>\n<\/table>\n<p>Enlla\u00e7 del nostre canal de YouTube on trobareu els altres v\u00eddeos:<\/p>\n<p><a href=\"https:\/\/www.youtube.com\/channel\/UCXylDOZkEA8HDG8d7a6xGDQ?view_as=subscriber\" target=\"_blank\" rel=\"noopener noreferrer\">CANAL DE YOUTUBE ESCOLA<\/a><\/p>\n","protected":false},"excerpt":{"rendered":"<p>Benvolgudes fam\u00edlies,<br \/>\nVolem compartir amb vosaltres un PowerPoint on es mostra el treball realitzat per Sant Jordi (i al llarg del curs), entre la biblioteca i les aules, tal com ja \u00e9s habitual. Enguany hem &#8220;viatjat&#8221; i apr\u00e8s moltes coses a trav\u00e9s dels contes de la&hellip;  <a href=\"https:\/\/agora.xtec.cat\/ceiptorresjonama\/general\/lola-casas\/\" title=\"Read Lola Casas\">Llegeix m\u00e9s\u00bb<\/a><\/p>\n","protected":false},"author":1,"featured_media":0,"comment_status":"closed","ping_status":"closed","sticky":false,"template":"","format":"standard","meta":{"_bbp_topic_count":0,"_bbp_reply_count":0,"_bbp_total_topic_count":0,"_bbp_total_reply_count":0,"_bbp_voice_count":0,"_bbp_anonymous_reply_count":0,"_bbp_topic_count_hidden":0,"_bbp_reply_count_hidden":0,"_bbp_forum_subforum_count":0,"footnotes":""},"categories":[65,1],"tags":[],"class_list":["post-1225","post","type-post","status-publish","format-standard","hentry","category-activitats-biblioteca-escola","category-general"],"post_mailing_queue_ids":[],"_links":{"self":[{"href":"https:\/\/agora.xtec.cat\/ceiptorresjonama\/wp-json\/wp\/v2\/posts\/1225","targetHints":{"allow":["GET"]}}],"collection":[{"href":"https:\/\/agora.xtec.cat\/ceiptorresjonama\/wp-json\/wp\/v2\/posts"}],"about":[{"href":"https:\/\/agora.xtec.cat\/ceiptorresjonama\/wp-json\/wp\/v2\/types\/post"}],"author":[{"embeddable":true,"href":"https:\/\/agora.xtec.cat\/ceiptorresjonama\/wp-json\/wp\/v2\/users\/1"}],"replies":[{"embeddable":true,"href":"https:\/\/agora.xtec.cat\/ceiptorresjonama\/wp-json\/wp\/v2\/comments?post=1225"}],"version-history":[{"count":3,"href":"https:\/\/agora.xtec.cat\/ceiptorresjonama\/wp-json\/wp\/v2\/posts\/1225\/revisions"}],"predecessor-version":[{"id":1544,"href":"https:\/\/agora.xtec.cat\/ceiptorresjonama\/wp-json\/wp\/v2\/posts\/1225\/revisions\/1544"}],"wp:attachment":[{"href":"https:\/\/agora.xtec.cat\/ceiptorresjonama\/wp-json\/wp\/v2\/media?parent=1225"}],"wp:term":[{"taxonomy":"category","embeddable":true,"href":"https:\/\/agora.xtec.cat\/ceiptorresjonama\/wp-json\/wp\/v2\/categories?post=1225"},{"taxonomy":"post_tag","embeddable":true,"href":"https:\/\/agora.xtec.cat\/ceiptorresjonama\/wp-json\/wp\/v2\/tags?post=1225"}],"curies":[{"name":"wp","href":"https:\/\/api.w.org\/{rel}","templated":true}]}}