{"id":1217,"date":"2018-06-01T09:42:01","date_gmt":"2018-06-01T08:42:01","guid":{"rendered":"https:\/\/torresjonama.wordpress.com\/?p=1217"},"modified":"2019-08-18T19:06:19","modified_gmt":"2019-08-18T17:06:19","slug":"concurs-literari-i-artistic-unesco","status":"publish","type":"post","link":"https:\/\/agora.xtec.cat\/ceiptorresjonama\/general\/concurs-literari-i-artistic-unesco\/","title":{"rendered":"CONCURS LITERARI I ART\u00cdSTIC  UNESCO"},"content":{"rendered":"<p><strong>Tornem a Girona a recollir m\u00e9s premis !<\/strong><\/p>\n<p>L\u2019 Associaci\u00f3 Amics de la UNESCO de Girona, com cada any, va convocar el Concurs Art\u00edstic i Literari tardor 2017-primavera 2018.<\/p>\n<p>El tema d\u2019aquesta edici\u00f3 va ser els \u201cObjectius de Desenvolupament Sostenible\u201d, disset \u00a0objectius mundials creats per les Nacions Unides amb el prop\u00f2sit \u00a0que els governs de tots els pa\u00efsos hi treballin fins l\u2019any 2030.<\/p>\n<p>Els nostres alumnes d\u2019Educaci\u00f3 Prim\u00e0ria hi van participar en diferents modalitats : Auca, carta escrita a m\u00e0, dibuix i narraci\u00f3.<\/p>\n<p>Hem tingut \u00a0finalistes de totes les modalitats, i els guanyadors de la carta escrita a m\u00e0 del nivell 3 -Cicle Mitj\u00e0 d\u2019Educaci\u00f3 Prim\u00e0ria \u2013 i de dibuix del nivell 2 &#8211; Cicle Inicial d&#8217;Educaci\u00f3 Prim\u00e0ria.<\/p>\n<p>Els guanyadors de treballs literaris van llegir el seu text davant del p\u00fablic assistent a l\u2019acte.<\/p>\n<p>Moltes felicitats a totes i a tots !!<\/p>\n<p><img loading=\"lazy\" decoding=\"async\" class=\"alignnone size-full wp-image-1218\" src=\"https:\/\/agora.xtec.cat\/ceiptorresjonama\/wp-content\/uploads\/usu279\/2018\/06\/img_2270.jpg\" alt=\"IMG_2270\" width=\"480\" height=\"640\" srcset=\"https:\/\/agora.xtec.cat\/ceiptorresjonama\/wp-content\/uploads\/usu279\/2018\/06\/img_2270.jpg 480w, https:\/\/agora.xtec.cat\/ceiptorresjonama\/wp-content\/uploads\/usu279\/2018\/06\/img_2270-225x300.jpg 225w\" sizes=\"auto, (max-width: 480px) 100vw, 480px\" \/><\/p>\n","protected":false},"excerpt":{"rendered":"<p>Tornem a Girona a recollir m\u00e9s premis !<br \/>\nL\u2019 Associaci\u00f3 Amics de la UNESCO de Girona, com cada any, va convocar el Concurs Art\u00edstic i Literari tardor 2017-primavera 2018.<br \/>\nEl tema d\u2019aquesta edici\u00f3 va ser els \u201cObjectius de Desenvolupament Sostenible\u201d, disset \u00a0objectius mundials creats per les Nacions&hellip;  <a href=\"https:\/\/agora.xtec.cat\/ceiptorresjonama\/general\/concurs-literari-i-artistic-unesco\/\" title=\"Read CONCURS LITERARI I ART\u00cdSTIC  UNESCO\">Llegeix m\u00e9s\u00bb<\/a><\/p>\n","protected":false},"author":1,"featured_media":0,"comment_status":"closed","ping_status":"closed","sticky":false,"template":"","format":"standard","meta":{"_bbp_topic_count":0,"_bbp_reply_count":0,"_bbp_total_topic_count":0,"_bbp_total_reply_count":0,"_bbp_voice_count":0,"_bbp_anonymous_reply_count":0,"_bbp_topic_count_hidden":0,"_bbp_reply_count_hidden":0,"_bbp_forum_subforum_count":0,"footnotes":""},"categories":[1,5],"tags":[],"class_list":["post-1217","post","type-post","status-publish","format-standard","hentry","category-general","category-primaria"],"post_mailing_queue_ids":[],"_links":{"self":[{"href":"https:\/\/agora.xtec.cat\/ceiptorresjonama\/wp-json\/wp\/v2\/posts\/1217","targetHints":{"allow":["GET"]}}],"collection":[{"href":"https:\/\/agora.xtec.cat\/ceiptorresjonama\/wp-json\/wp\/v2\/posts"}],"about":[{"href":"https:\/\/agora.xtec.cat\/ceiptorresjonama\/wp-json\/wp\/v2\/types\/post"}],"author":[{"embeddable":true,"href":"https:\/\/agora.xtec.cat\/ceiptorresjonama\/wp-json\/wp\/v2\/users\/1"}],"replies":[{"embeddable":true,"href":"https:\/\/agora.xtec.cat\/ceiptorresjonama\/wp-json\/wp\/v2\/comments?post=1217"}],"version-history":[{"count":1,"href":"https:\/\/agora.xtec.cat\/ceiptorresjonama\/wp-json\/wp\/v2\/posts\/1217\/revisions"}],"predecessor-version":[{"id":1570,"href":"https:\/\/agora.xtec.cat\/ceiptorresjonama\/wp-json\/wp\/v2\/posts\/1217\/revisions\/1570"}],"wp:attachment":[{"href":"https:\/\/agora.xtec.cat\/ceiptorresjonama\/wp-json\/wp\/v2\/media?parent=1217"}],"wp:term":[{"taxonomy":"category","embeddable":true,"href":"https:\/\/agora.xtec.cat\/ceiptorresjonama\/wp-json\/wp\/v2\/categories?post=1217"},{"taxonomy":"post_tag","embeddable":true,"href":"https:\/\/agora.xtec.cat\/ceiptorresjonama\/wp-json\/wp\/v2\/tags?post=1217"}],"curies":[{"name":"wp","href":"https:\/\/api.w.org\/{rel}","templated":true}]}}