{"id":1210,"date":"2018-05-23T12:34:45","date_gmt":"2018-05-23T11:34:45","guid":{"rendered":"https:\/\/torresjonama.wordpress.com\/?p=1210"},"modified":"2018-05-23T12:34:45","modified_gmt":"2018-05-23T11:34:45","slug":"sardanes-2018","status":"publish","type":"post","link":"https:\/\/agora.xtec.cat\/ceiptorresjonama\/uncategorized\/sardanes-2018\/","title":{"rendered":"Sardanes 2018"},"content":{"rendered":"<p><strong>Escoltem. Ballem. Comptem&#8230; Aprenem !<\/strong><\/p>\n<p>Els nens i nenes de prim\u00e0ria de la nostra escola varen fer un curset de sardanes durant el 2n trimestre amb una monitora especialista.<\/p>\n<p>Aquesta \u00e9s una activitat molt competencial i transversal. Tot aprenent a ballar sardanes, els alumnes treballen aspectes de tots els \u00e0mbits d\u2019aprenentatge, l\u2019art\u00edstic, el d\u2019educaci\u00f3 f\u00edsica, el matem\u00e0tic, coneixement del medi\u00a0 i el ling\u00fc\u00edstic.<\/p>\n<p>Paral\u00b7lelament vam participar al XXIII Concurs de poesia i redacci\u00f3 i XXX Concurs de pintura o dibuix que organitzen els \u201cAmics de la sardana Terranostra\u201d de Girona. Els finalistes i guanyadors d\u2019aquests concursos van recollir els seus guardons el passat primer de maig als jardins de la Devesa, al mateix temps que gaud\u00edem \u00a0i ball\u00e0vem les primeres sardanes de l\u2019Aplec interpretades per tres cobles de les m\u00e9s importants del pa\u00eds.<\/p>\n<p>L\u2019enhorabona\u00a0 a tots !<\/p>\n<p>Podeu veure fotografies d\u2019aquesta diada clicant la foto i al web dels Amics de la Sardana Terranostra : <a href=\"http:\/\/www.terranostra.cat\/Galeria.html\">http:\/\/www.terranostra.cat\/Galeria.html<\/a><\/p>\n<p><a href=\"https:\/\/photos.app.goo.gl\/avf5Cvg7w624VvIy2\" target=\"_blank\" rel=\"noopener noreferrer\"><img loading=\"lazy\" decoding=\"async\" class=\"alignnone size-full wp-image-1211\" src=\"https:\/\/agora.xtec.cat\/ceiptorresjonama\/wp-content\/uploads\/usu279\/2018\/05\/foto-portada.jpg\" alt=\"OLYMPUS DIGITAL CAMERA\" width=\"4608\" height=\"3456\" srcset=\"https:\/\/agora.xtec.cat\/ceiptorresjonama\/wp-content\/uploads\/usu279\/2018\/05\/foto-portada.jpg 4608w, https:\/\/agora.xtec.cat\/ceiptorresjonama\/wp-content\/uploads\/usu279\/2018\/05\/foto-portada-300x225.jpg 300w, https:\/\/agora.xtec.cat\/ceiptorresjonama\/wp-content\/uploads\/usu279\/2018\/05\/foto-portada-768x576.jpg 768w, https:\/\/agora.xtec.cat\/ceiptorresjonama\/wp-content\/uploads\/usu279\/2018\/05\/foto-portada-1024x768.jpg 1024w, https:\/\/agora.xtec.cat\/ceiptorresjonama\/wp-content\/uploads\/usu279\/2018\/05\/foto-portada-200x150.jpg 200w\" sizes=\"auto, (max-width: 4608px) 100vw, 4608px\" \/><\/a><\/p>\n","protected":false},"excerpt":{"rendered":"<p>Escoltem. Ballem. Comptem&#8230; Aprenem !<br \/>\nEls nens i nenes de prim\u00e0ria de la nostra escola varen fer un curset de sardanes durant el 2n trimestre amb una monitora especialista.<br \/>\nAquesta \u00e9s una activitat molt competencial i transversal. Tot aprenent a ballar sardanes, els alumnes treballen aspectes de&hellip;  <a href=\"https:\/\/agora.xtec.cat\/ceiptorresjonama\/uncategorized\/sardanes-2018\/\" title=\"Read Sardanes 2018\">Llegeix m\u00e9s\u00bb<\/a><\/p>\n","protected":false},"author":1,"featured_media":0,"comment_status":"closed","ping_status":"closed","sticky":false,"template":"","format":"standard","meta":{"_bbp_topic_count":0,"_bbp_reply_count":0,"_bbp_total_topic_count":0,"_bbp_total_reply_count":0,"_bbp_voice_count":0,"_bbp_anonymous_reply_count":0,"_bbp_topic_count_hidden":0,"_bbp_reply_count_hidden":0,"_bbp_forum_subforum_count":0,"footnotes":""},"categories":[60],"tags":[],"class_list":["post-1210","post","type-post","status-publish","format-standard","hentry","category-uncategorized"],"post_mailing_queue_ids":[],"_links":{"self":[{"href":"https:\/\/agora.xtec.cat\/ceiptorresjonama\/wp-json\/wp\/v2\/posts\/1210","targetHints":{"allow":["GET"]}}],"collection":[{"href":"https:\/\/agora.xtec.cat\/ceiptorresjonama\/wp-json\/wp\/v2\/posts"}],"about":[{"href":"https:\/\/agora.xtec.cat\/ceiptorresjonama\/wp-json\/wp\/v2\/types\/post"}],"author":[{"embeddable":true,"href":"https:\/\/agora.xtec.cat\/ceiptorresjonama\/wp-json\/wp\/v2\/users\/1"}],"replies":[{"embeddable":true,"href":"https:\/\/agora.xtec.cat\/ceiptorresjonama\/wp-json\/wp\/v2\/comments?post=1210"}],"version-history":[{"count":0,"href":"https:\/\/agora.xtec.cat\/ceiptorresjonama\/wp-json\/wp\/v2\/posts\/1210\/revisions"}],"wp:attachment":[{"href":"https:\/\/agora.xtec.cat\/ceiptorresjonama\/wp-json\/wp\/v2\/media?parent=1210"}],"wp:term":[{"taxonomy":"category","embeddable":true,"href":"https:\/\/agora.xtec.cat\/ceiptorresjonama\/wp-json\/wp\/v2\/categories?post=1210"},{"taxonomy":"post_tag","embeddable":true,"href":"https:\/\/agora.xtec.cat\/ceiptorresjonama\/wp-json\/wp\/v2\/tags?post=1210"}],"curies":[{"name":"wp","href":"https:\/\/api.w.org\/{rel}","templated":true}]}}