{"id":1200,"date":"2018-04-23T19:59:59","date_gmt":"2018-04-23T18:59:59","guid":{"rendered":"https:\/\/torresjonama.wordpress.com\/?p=1200"},"modified":"2018-04-23T19:59:59","modified_gmt":"2018-04-23T18:59:59","slug":"jocs-florals-2018","status":"publish","type":"post","link":"https:\/\/agora.xtec.cat\/ceiptorresjonama\/uncategorized\/jocs-florals-2018\/","title":{"rendered":"Jocs Florals 2018"},"content":{"rendered":"<p style=\"text-align:justify;\">Benvolgudes fam\u00edlies,<\/p>\n<p style=\"text-align:justify;\">Avui hem celebrat la diada de Sant Jordi duent a terme diverses activitats al llarg de la jornada, tal com ja \u00e9s habitual. A la tarda, despr\u00e9s de la lectura i explicaci\u00f3 de contes per part d&#8217;alguns familiars voluntaris a cada aula, hem celebrat conjuntament els cinquens Jocs Florals de l\u2019escola.<\/p>\n<p style=\"text-align:justify;\">Agra\u00efm i felicitem tots els alumnes pels seus escrits individuals o col\u00b7lectius, i per haver participat en el concurs d&#8217;enguany.<\/p>\n<p style=\"text-align:justify;\">Els guanyadors, en les diverses categories, han sigut els seg\u00fcents:<\/p>\n<p>CATEGORIA A: Berta Puig amb &#8220;L&#8217;Everest&#8221;<\/p>\n<p>CATEGORIA B: Arnau Salg\u00e0s amb &#8220;Hivern o primavera?&#8221;<\/p>\n<p>CATEGORIA C: Marc Velasco amb &#8220;Els contes&#8221;<\/p>\n<p>Compartim amb vosaltres algunes fotografies d&#8217;aquesta tarda, i aprofitem per a desitjar-vos que acabeu de passar una molt bona diada.<\/p>\n<p><a href=\"https:\/\/photos.app.goo.gl\/c2pS0ncmOkD7g9J33\"><img loading=\"lazy\" decoding=\"async\" class=\"alignnone size-full wp-image-1201\" src=\"https:\/\/agora.xtec.cat\/ceiptorresjonama\/wp-content\/uploads\/usu279\/2018\/04\/img_20180423_160834.jpg\" alt=\"sdr\" width=\"4160\" height=\"3120\" srcset=\"https:\/\/agora.xtec.cat\/ceiptorresjonama\/wp-content\/uploads\/usu279\/2018\/04\/img_20180423_160834.jpg 4160w, https:\/\/agora.xtec.cat\/ceiptorresjonama\/wp-content\/uploads\/usu279\/2018\/04\/img_20180423_160834-300x225.jpg 300w, https:\/\/agora.xtec.cat\/ceiptorresjonama\/wp-content\/uploads\/usu279\/2018\/04\/img_20180423_160834-768x576.jpg 768w, https:\/\/agora.xtec.cat\/ceiptorresjonama\/wp-content\/uploads\/usu279\/2018\/04\/img_20180423_160834-1024x768.jpg 1024w, https:\/\/agora.xtec.cat\/ceiptorresjonama\/wp-content\/uploads\/usu279\/2018\/04\/img_20180423_160834-200x150.jpg 200w\" sizes=\"auto, (max-width: 4160px) 100vw, 4160px\" \/><\/a><\/p>\n<p>&nbsp;<\/p>\n<p>&nbsp;<\/p>\n","protected":false},"excerpt":{"rendered":"<p>Benvolgudes fam\u00edlies,<br \/>\nAvui hem celebrat la diada de Sant Jordi duent a terme diverses activitats al llarg de la jornada, tal com ja \u00e9s habitual. A la tarda, despr\u00e9s de la lectura i explicaci\u00f3 de contes per part d&#8217;alguns familiars voluntaris a cada aula, hem celebrat&hellip;  <a href=\"https:\/\/agora.xtec.cat\/ceiptorresjonama\/uncategorized\/jocs-florals-2018\/\" title=\"Read Jocs Florals 2018\">Llegeix m\u00e9s\u00bb<\/a><\/p>\n","protected":false},"author":1,"featured_media":0,"comment_status":"closed","ping_status":"closed","sticky":false,"template":"","format":"standard","meta":{"_bbp_topic_count":0,"_bbp_reply_count":0,"_bbp_total_topic_count":0,"_bbp_total_reply_count":0,"_bbp_voice_count":0,"_bbp_anonymous_reply_count":0,"_bbp_topic_count_hidden":0,"_bbp_reply_count_hidden":0,"_bbp_forum_subforum_count":0,"footnotes":""},"categories":[60],"tags":[],"class_list":["post-1200","post","type-post","status-publish","format-standard","hentry","category-uncategorized"],"post_mailing_queue_ids":[],"_links":{"self":[{"href":"https:\/\/agora.xtec.cat\/ceiptorresjonama\/wp-json\/wp\/v2\/posts\/1200","targetHints":{"allow":["GET"]}}],"collection":[{"href":"https:\/\/agora.xtec.cat\/ceiptorresjonama\/wp-json\/wp\/v2\/posts"}],"about":[{"href":"https:\/\/agora.xtec.cat\/ceiptorresjonama\/wp-json\/wp\/v2\/types\/post"}],"author":[{"embeddable":true,"href":"https:\/\/agora.xtec.cat\/ceiptorresjonama\/wp-json\/wp\/v2\/users\/1"}],"replies":[{"embeddable":true,"href":"https:\/\/agora.xtec.cat\/ceiptorresjonama\/wp-json\/wp\/v2\/comments?post=1200"}],"version-history":[{"count":0,"href":"https:\/\/agora.xtec.cat\/ceiptorresjonama\/wp-json\/wp\/v2\/posts\/1200\/revisions"}],"wp:attachment":[{"href":"https:\/\/agora.xtec.cat\/ceiptorresjonama\/wp-json\/wp\/v2\/media?parent=1200"}],"wp:term":[{"taxonomy":"category","embeddable":true,"href":"https:\/\/agora.xtec.cat\/ceiptorresjonama\/wp-json\/wp\/v2\/categories?post=1200"},{"taxonomy":"post_tag","embeddable":true,"href":"https:\/\/agora.xtec.cat\/ceiptorresjonama\/wp-json\/wp\/v2\/tags?post=1200"}],"curies":[{"name":"wp","href":"https:\/\/api.w.org\/{rel}","templated":true}]}}