{"id":1190,"date":"2018-03-22T21:05:45","date_gmt":"2018-03-22T20:05:45","guid":{"rendered":"https:\/\/torresjonama.wordpress.com\/?p=1190"},"modified":"2018-03-22T21:05:45","modified_gmt":"2018-03-22T20:05:45","slug":"ballem-sardanes","status":"publish","type":"post","link":"https:\/\/agora.xtec.cat\/ceiptorresjonama\/uncategorized\/ballem-sardanes\/","title":{"rendered":"Ballem sardanes!"},"content":{"rendered":"<p style=\"text-align:justify;\">Benvolgudes fam\u00edlies,<\/p>\n<p style=\"text-align:justify;\">Aquesta tarda hem dut a terme &#8220;l&#8217;exhibici\u00f3 sardanista&#8221;, en qu\u00e8 han participat tots els alumnes de l&#8217;escola. Els alumnes han pogut demostrar el que han apr\u00e8s durant les sessions de &#8220;formaci\u00f3 sardanista&#8221; d&#8217;aquest trimestre. Ha sigut una experi\u00e8ncia molt enriquidora en qu\u00e8 han apr\u00e8s, no nom\u00e9s all\u00f2 vinculat directament a aquesta dansa popular catalana (el ball en s\u00ed), sin\u00f3 tamb\u00e9 d&#8217;altres aspectes &#8220;m\u00e9s propis de l&#8217;\u00e0mbit musical&#8221;, referents a la cobla (instruments, composici\u00f3&#8230;).<\/p>\n<p style=\"text-align:justify;\">Esperem que us hagi agradat tant com als nostres alumnes, i aprofitem per a compartir amb vosaltres les fotografies d&#8217;aquest petit \u00e0lbum:<\/p>\n<p><a href=\"https:\/\/photos.app.goo.gl\/FRtun9YwDwOBhGTr1\"><img loading=\"lazy\" decoding=\"async\" class=\"alignnone size-full wp-image-1192\" src=\"https:\/\/agora.xtec.cat\/ceiptorresjonama\/wp-content\/uploads\/usu279\/2018\/03\/img-20180322-wa0056.jpg\" alt=\"IMG-20180322-WA0056\" width=\"1599\" height=\"1200\" srcset=\"https:\/\/agora.xtec.cat\/ceiptorresjonama\/wp-content\/uploads\/usu279\/2018\/03\/img-20180322-wa0056.jpg 1599w, https:\/\/agora.xtec.cat\/ceiptorresjonama\/wp-content\/uploads\/usu279\/2018\/03\/img-20180322-wa0056-300x225.jpg 300w, https:\/\/agora.xtec.cat\/ceiptorresjonama\/wp-content\/uploads\/usu279\/2018\/03\/img-20180322-wa0056-768x576.jpg 768w, https:\/\/agora.xtec.cat\/ceiptorresjonama\/wp-content\/uploads\/usu279\/2018\/03\/img-20180322-wa0056-1024x768.jpg 1024w, https:\/\/agora.xtec.cat\/ceiptorresjonama\/wp-content\/uploads\/usu279\/2018\/03\/img-20180322-wa0056-200x150.jpg 200w\" sizes=\"auto, (max-width: 1599px) 100vw, 1599px\" \/><\/a><\/p>\n<p>&nbsp;<\/p>\n<p>&nbsp;<\/p>\n<p>&nbsp;<\/p>\n<p>&nbsp;<\/p>\n<p>&nbsp;<\/p>\n<p>&nbsp;<\/p>\n<p>&nbsp;<\/p>\n","protected":false},"excerpt":{"rendered":"<p>Benvolgudes fam\u00edlies,<br \/>\nAquesta tarda hem dut a terme &#8220;l&#8217;exhibici\u00f3 sardanista&#8221;, en qu\u00e8 han participat tots els alumnes de l&#8217;escola. Els alumnes han pogut demostrar el que han apr\u00e8s durant les sessions de &#8220;formaci\u00f3 sardanista&#8221; d&#8217;aquest trimestre. Ha sigut una experi\u00e8ncia molt enriquidora en qu\u00e8 han apr\u00e8s,&hellip;  <a href=\"https:\/\/agora.xtec.cat\/ceiptorresjonama\/uncategorized\/ballem-sardanes\/\" title=\"Read Ballem sardanes!\">Llegeix m\u00e9s\u00bb<\/a><\/p>\n","protected":false},"author":1,"featured_media":0,"comment_status":"closed","ping_status":"closed","sticky":false,"template":"","format":"standard","meta":{"_bbp_topic_count":0,"_bbp_reply_count":0,"_bbp_total_topic_count":0,"_bbp_total_reply_count":0,"_bbp_voice_count":0,"_bbp_anonymous_reply_count":0,"_bbp_topic_count_hidden":0,"_bbp_reply_count_hidden":0,"_bbp_forum_subforum_count":0,"footnotes":""},"categories":[60],"tags":[],"class_list":["post-1190","post","type-post","status-publish","format-standard","hentry","category-uncategorized"],"post_mailing_queue_ids":[],"_links":{"self":[{"href":"https:\/\/agora.xtec.cat\/ceiptorresjonama\/wp-json\/wp\/v2\/posts\/1190","targetHints":{"allow":["GET"]}}],"collection":[{"href":"https:\/\/agora.xtec.cat\/ceiptorresjonama\/wp-json\/wp\/v2\/posts"}],"about":[{"href":"https:\/\/agora.xtec.cat\/ceiptorresjonama\/wp-json\/wp\/v2\/types\/post"}],"author":[{"embeddable":true,"href":"https:\/\/agora.xtec.cat\/ceiptorresjonama\/wp-json\/wp\/v2\/users\/1"}],"replies":[{"embeddable":true,"href":"https:\/\/agora.xtec.cat\/ceiptorresjonama\/wp-json\/wp\/v2\/comments?post=1190"}],"version-history":[{"count":0,"href":"https:\/\/agora.xtec.cat\/ceiptorresjonama\/wp-json\/wp\/v2\/posts\/1190\/revisions"}],"wp:attachment":[{"href":"https:\/\/agora.xtec.cat\/ceiptorresjonama\/wp-json\/wp\/v2\/media?parent=1190"}],"wp:term":[{"taxonomy":"category","embeddable":true,"href":"https:\/\/agora.xtec.cat\/ceiptorresjonama\/wp-json\/wp\/v2\/categories?post=1190"},{"taxonomy":"post_tag","embeddable":true,"href":"https:\/\/agora.xtec.cat\/ceiptorresjonama\/wp-json\/wp\/v2\/tags?post=1190"}],"curies":[{"name":"wp","href":"https:\/\/api.w.org\/{rel}","templated":true}]}}