{"id":1172,"date":"2017-12-17T15:44:15","date_gmt":"2017-12-17T14:44:15","guid":{"rendered":"https:\/\/torresjonama.wordpress.com\/?p=1172"},"modified":"2017-12-17T15:44:15","modified_gmt":"2017-12-17T14:44:15","slug":"coral-refilets","status":"publish","type":"post","link":"https:\/\/agora.xtec.cat\/ceiptorresjonama\/uncategorized\/coral-refilets\/","title":{"rendered":"Coral Refilets."},"content":{"rendered":"<p style=\"text-align:justify;\">La Coral Refilets ha cantat aquest mat\u00ed de diumenge 17 de desembre a l&#8217;Esgl\u00e9sia de Mont-ras. Ha ofert un concert al poble i a les seves fam\u00edlies per La Marat\u00f3, que aquest any\u00a0 destinar\u00e0 els diners a la investigaci\u00f3 per les malalties infeccioses.<\/p>\n<p style=\"text-align:justify;\">S&#8217;han recollit 238,55 \u20acuros que hem fet arribar a La Marat\u00f3. Moltes gr\u00e0cies a tothom per la vostra generositat.<\/p>\n\n\t\t<style type=\"text\/css\">\n\t\t\t#gallery-1 {\n\t\t\t\tmargin: auto;\n\t\t\t}\n\t\t\t#gallery-1 .gallery-item {\n\t\t\t\tfloat: left;\n\t\t\t\tmargin-top: 10px;\n\t\t\t\ttext-align: center;\n\t\t\t\twidth: 33%;\n\t\t\t}\n\t\t\t#gallery-1 img {\n\t\t\t\tborder: 2px solid #cfcfcf;\n\t\t\t}\n\t\t\t#gallery-1 .gallery-caption {\n\t\t\t\tmargin-left: 0;\n\t\t\t}\n\t\t\t\/* see gallery_shortcode() in wp-includes\/media.php *\/\n\t\t<\/style>\n\t\t<div id='gallery-1' class='gallery galleryid-1172 gallery-columns-3 gallery-size-thumbnail'><dl class='gallery-item'>\n\t\t\t<dt class='gallery-icon landscape'>\n\t\t\t\t<a href='https:\/\/agora.xtec.cat\/ceiptorresjonama\/uncategorized\/coral-refilets\/attachment\/img_20171217_130504-2\/'><img loading=\"lazy\" decoding=\"async\" width=\"150\" height=\"150\" src=\"https:\/\/agora.xtec.cat\/ceiptorresjonama\/wp-content\/uploads\/usu279\/2017\/12\/img_20171217_130504-2-150x150.jpg\" class=\"attachment-thumbnail size-thumbnail\" alt=\"\" \/><\/a>\n\t\t\t<\/dt><\/dl><dl class='gallery-item'>\n\t\t\t<dt class='gallery-icon landscape'>\n\t\t\t\t<a href='https:\/\/agora.xtec.cat\/ceiptorresjonama\/uncategorized\/coral-refilets\/attachment\/img_20171217_114717\/'><img loading=\"lazy\" decoding=\"async\" width=\"150\" height=\"150\" src=\"https:\/\/agora.xtec.cat\/ceiptorresjonama\/wp-content\/uploads\/usu279\/2017\/12\/img_20171217_114717-150x150.jpg\" class=\"attachment-thumbnail size-thumbnail\" alt=\"\" \/><\/a>\n\t\t\t<\/dt><\/dl>\n\t\t\t<br style='clear: both' \/>\n\t\t<\/div>\n\n","protected":false},"excerpt":{"rendered":"<p>La Coral Refilets ha cantat aquest mat\u00ed de diumenge 17 de desembre a l&#8217;Esgl\u00e9sia de Mont-ras. Ha ofert un concert al poble i a les seves fam\u00edlies per La Marat\u00f3, que aquest any\u00a0 destinar\u00e0 els diners a la investigaci\u00f3 per les malalties infeccioses.<br \/>\nS&#8217;han recollit 238,55&hellip;  <a href=\"https:\/\/agora.xtec.cat\/ceiptorresjonama\/uncategorized\/coral-refilets\/\" title=\"Read Coral Refilets.\">Llegeix m\u00e9s\u00bb<\/a><\/p>\n","protected":false},"author":1,"featured_media":0,"comment_status":"closed","ping_status":"closed","sticky":false,"template":"","format":"standard","meta":{"_bbp_topic_count":0,"_bbp_reply_count":0,"_bbp_total_topic_count":0,"_bbp_total_reply_count":0,"_bbp_voice_count":0,"_bbp_anonymous_reply_count":0,"_bbp_topic_count_hidden":0,"_bbp_reply_count_hidden":0,"_bbp_forum_subforum_count":0,"footnotes":""},"categories":[60],"tags":[],"class_list":["post-1172","post","type-post","status-publish","format-standard","hentry","category-uncategorized"],"post_mailing_queue_ids":[],"_links":{"self":[{"href":"https:\/\/agora.xtec.cat\/ceiptorresjonama\/wp-json\/wp\/v2\/posts\/1172","targetHints":{"allow":["GET"]}}],"collection":[{"href":"https:\/\/agora.xtec.cat\/ceiptorresjonama\/wp-json\/wp\/v2\/posts"}],"about":[{"href":"https:\/\/agora.xtec.cat\/ceiptorresjonama\/wp-json\/wp\/v2\/types\/post"}],"author":[{"embeddable":true,"href":"https:\/\/agora.xtec.cat\/ceiptorresjonama\/wp-json\/wp\/v2\/users\/1"}],"replies":[{"embeddable":true,"href":"https:\/\/agora.xtec.cat\/ceiptorresjonama\/wp-json\/wp\/v2\/comments?post=1172"}],"version-history":[{"count":0,"href":"https:\/\/agora.xtec.cat\/ceiptorresjonama\/wp-json\/wp\/v2\/posts\/1172\/revisions"}],"wp:attachment":[{"href":"https:\/\/agora.xtec.cat\/ceiptorresjonama\/wp-json\/wp\/v2\/media?parent=1172"}],"wp:term":[{"taxonomy":"category","embeddable":true,"href":"https:\/\/agora.xtec.cat\/ceiptorresjonama\/wp-json\/wp\/v2\/categories?post=1172"},{"taxonomy":"post_tag","embeddable":true,"href":"https:\/\/agora.xtec.cat\/ceiptorresjonama\/wp-json\/wp\/v2\/tags?post=1172"}],"curies":[{"name":"wp","href":"https:\/\/api.w.org\/{rel}","templated":true}]}}