{"id":1142,"date":"2017-10-31T19:42:44","date_gmt":"2017-10-31T18:42:44","guid":{"rendered":"https:\/\/torresjonama.wordpress.com\/?p=1142"},"modified":"2017-10-31T19:42:44","modified_gmt":"2017-10-31T18:42:44","slug":"la-castanyada-2","status":"publish","type":"post","link":"https:\/\/agora.xtec.cat\/ceiptorresjonama\/uncategorized\/la-castanyada-2\/","title":{"rendered":"La Castanyada"},"content":{"rendered":"<p style=\"text-align:justify;\">Benvolgudes fam\u00edlies,<\/p>\n<p style=\"text-align:justify;\">Avui, tal com ja \u00e9s habitual, els alumnes de 5\u00e8 han voltat per tota l&#8217;escola per tal d&#8217;explicar a cada grup-classe qu\u00e8 significa la tradici\u00f3 anglosaxona del &#8220;trick or treat&#8221; (Halloween). A la tarda, tota l\u2019escola ha celebrat la Castanyada (per mantenir la nostra tradici\u00f3) berenant castanyes al pati. Volem compartir amb vosaltres les fotografies del dia d&#8217;avui i aprofitar, a la vegada,\u00a0 per a recordar-vos que dem\u00e0 (dia 1, Tot Sants), l&#8217;escola romandr\u00e0 tancada.<\/p>\n<p style=\"text-align:justify;\">Per tal de d\u2019accedir a l\u2019\u00e0lbum heu de \u201cclicar\u201d sobre aquesta fotografia:<\/p>\n<p><a href=\"https:\/\/photos.app.goo.gl\/SjIM9mNeSatoop523\"><img loading=\"lazy\" decoding=\"async\" class=\"alignnone size-full wp-image-1156\" src=\"https:\/\/agora.xtec.cat\/ceiptorresjonama\/wp-content\/uploads\/usu279\/2017\/10\/img_0735.jpg\" alt=\"IMG_0735\" width=\"1024\" height=\"768\" srcset=\"https:\/\/agora.xtec.cat\/ceiptorresjonama\/wp-content\/uploads\/usu279\/2017\/10\/img_0735.jpg 1024w, https:\/\/agora.xtec.cat\/ceiptorresjonama\/wp-content\/uploads\/usu279\/2017\/10\/img_0735-300x225.jpg 300w, https:\/\/agora.xtec.cat\/ceiptorresjonama\/wp-content\/uploads\/usu279\/2017\/10\/img_0735-768x576.jpg 768w, https:\/\/agora.xtec.cat\/ceiptorresjonama\/wp-content\/uploads\/usu279\/2017\/10\/img_0735-200x150.jpg 200w\" sizes=\"auto, (max-width: 1024px) 100vw, 1024px\" \/><\/a><\/p>\n","protected":false},"excerpt":{"rendered":"<p>Benvolgudes fam\u00edlies,<br \/>\nAvui, tal com ja \u00e9s habitual, els alumnes de 5\u00e8 han voltat per tota l&#8217;escola per tal d&#8217;explicar a cada grup-classe qu\u00e8 significa la tradici\u00f3 anglosaxona del &#8220;trick or treat&#8221; (Halloween). A la tarda, tota l\u2019escola ha celebrat la Castanyada (per mantenir la nostra&hellip;  <a href=\"https:\/\/agora.xtec.cat\/ceiptorresjonama\/uncategorized\/la-castanyada-2\/\" title=\"Read La Castanyada\">Llegeix m\u00e9s\u00bb<\/a><\/p>\n","protected":false},"author":1,"featured_media":0,"comment_status":"closed","ping_status":"closed","sticky":false,"template":"","format":"standard","meta":{"_bbp_topic_count":0,"_bbp_reply_count":0,"_bbp_total_topic_count":0,"_bbp_total_reply_count":0,"_bbp_voice_count":0,"_bbp_anonymous_reply_count":0,"_bbp_topic_count_hidden":0,"_bbp_reply_count_hidden":0,"_bbp_forum_subforum_count":0,"footnotes":""},"categories":[60],"tags":[],"class_list":["post-1142","post","type-post","status-publish","format-standard","hentry","category-uncategorized"],"post_mailing_queue_ids":[],"_links":{"self":[{"href":"https:\/\/agora.xtec.cat\/ceiptorresjonama\/wp-json\/wp\/v2\/posts\/1142","targetHints":{"allow":["GET"]}}],"collection":[{"href":"https:\/\/agora.xtec.cat\/ceiptorresjonama\/wp-json\/wp\/v2\/posts"}],"about":[{"href":"https:\/\/agora.xtec.cat\/ceiptorresjonama\/wp-json\/wp\/v2\/types\/post"}],"author":[{"embeddable":true,"href":"https:\/\/agora.xtec.cat\/ceiptorresjonama\/wp-json\/wp\/v2\/users\/1"}],"replies":[{"embeddable":true,"href":"https:\/\/agora.xtec.cat\/ceiptorresjonama\/wp-json\/wp\/v2\/comments?post=1142"}],"version-history":[{"count":0,"href":"https:\/\/agora.xtec.cat\/ceiptorresjonama\/wp-json\/wp\/v2\/posts\/1142\/revisions"}],"wp:attachment":[{"href":"https:\/\/agora.xtec.cat\/ceiptorresjonama\/wp-json\/wp\/v2\/media?parent=1142"}],"wp:term":[{"taxonomy":"category","embeddable":true,"href":"https:\/\/agora.xtec.cat\/ceiptorresjonama\/wp-json\/wp\/v2\/categories?post=1142"},{"taxonomy":"post_tag","embeddable":true,"href":"https:\/\/agora.xtec.cat\/ceiptorresjonama\/wp-json\/wp\/v2\/tags?post=1142"}],"curies":[{"name":"wp","href":"https:\/\/api.w.org\/{rel}","templated":true}]}}