{"id":5429,"date":"2025-12-04T16:23:29","date_gmt":"2025-12-04T15:23:29","guid":{"rendered":"https:\/\/agora.xtec.cat\/ceiptorreroja\/?p=5429"},"modified":"2025-12-04T16:25:24","modified_gmt":"2025-12-04T15:25:24","slug":"acta-de-la-reunio-del-dia-2-de-desembre-de-2025","status":"publish","type":"post","link":"https:\/\/agora.xtec.cat\/ceiptorreroja\/general\/acta-de-la-reunio-del-dia-2-de-desembre-de-2025\/","title":{"rendered":"Acta de la reuni\u00f3 extraordin\u00e0ria del dia 2 de desembre de 2025"},"content":{"rendered":"<p><strong>Data:<\/strong>\u00a0 2 de desembre de 2025<br \/>\n<strong>Hora:<\/strong> 16:45 h<br \/>\n<strong>Lloc:<\/strong> \u00a0Reuni\u00f3 presencial<\/p>\n<p><strong>Acords:<\/strong><\/p>\n<ol>\n<li>Queda constitu\u00eft el nou Consell Escolar, en aplicaci\u00f3 dels resultats de les eleccions recentment celebrades.<\/li>\n<li>Es constitueixen la Comissi\u00f3 econ\u00f2mica, la Comissi\u00f3 permanent i la Comissi\u00f3 de conviv\u00e8ncia.<\/li>\n<li>S\u2019anomena la nova responsable de coeducaci\u00f3 al Consell.<\/li>\n<\/ol>\n","protected":false},"excerpt":{"rendered":"<p>Data:\u00a0 2 de desembre de 2025<br \/>\nHora: 16:45 h<br \/>\nLloc: \u00a0Reuni\u00f3 presencial<br \/>\nAcords:<\/p>\n<ol>\n<li>Queda constitu\u00eft el nou Consell Escolar, en aplicaci\u00f3 dels resultats de les eleccions recentment celebrades.<\/li>\n<li>Es constitueixen la Comissi\u00f3 econ\u00f2mica, la Comissi\u00f3 permanent i la Comissi\u00f3 de conviv\u00e8ncia.<\/li>\n<li>S\u2019anomena la nova responsable de coeducaci\u00f3 al Consell.<\/li>\n<\/ol>\n","protected":false},"author":3,"featured_media":0,"comment_status":"closed","ping_status":"closed","sticky":false,"template":"","format":"standard","meta":{"_bbp_topic_count":0,"_bbp_reply_count":0,"_bbp_total_topic_count":0,"_bbp_total_reply_count":0,"_bbp_voice_count":0,"_bbp_anonymous_reply_count":0,"_bbp_topic_count_hidden":0,"_bbp_reply_count_hidden":0,"_bbp_forum_subforum_count":0,"footnotes":""},"categories":[138,1],"tags":[],"class_list":["post-5429","post","type-post","status-publish","format-standard","hentry","category-actes-consell-escolar","category-general"],"post_mailing_queue_ids":[],"_links":{"self":[{"href":"https:\/\/agora.xtec.cat\/ceiptorreroja\/wp-json\/wp\/v2\/posts\/5429","targetHints":{"allow":["GET"]}}],"collection":[{"href":"https:\/\/agora.xtec.cat\/ceiptorreroja\/wp-json\/wp\/v2\/posts"}],"about":[{"href":"https:\/\/agora.xtec.cat\/ceiptorreroja\/wp-json\/wp\/v2\/types\/post"}],"author":[{"embeddable":true,"href":"https:\/\/agora.xtec.cat\/ceiptorreroja\/wp-json\/wp\/v2\/users\/3"}],"replies":[{"embeddable":true,"href":"https:\/\/agora.xtec.cat\/ceiptorreroja\/wp-json\/wp\/v2\/comments?post=5429"}],"version-history":[{"count":3,"href":"https:\/\/agora.xtec.cat\/ceiptorreroja\/wp-json\/wp\/v2\/posts\/5429\/revisions"}],"predecessor-version":[{"id":5433,"href":"https:\/\/agora.xtec.cat\/ceiptorreroja\/wp-json\/wp\/v2\/posts\/5429\/revisions\/5433"}],"wp:attachment":[{"href":"https:\/\/agora.xtec.cat\/ceiptorreroja\/wp-json\/wp\/v2\/media?parent=5429"}],"wp:term":[{"taxonomy":"category","embeddable":true,"href":"https:\/\/agora.xtec.cat\/ceiptorreroja\/wp-json\/wp\/v2\/categories?post=5429"},{"taxonomy":"post_tag","embeddable":true,"href":"https:\/\/agora.xtec.cat\/ceiptorreroja\/wp-json\/wp\/v2\/tags?post=5429"}],"curies":[{"name":"wp","href":"https:\/\/api.w.org\/{rel}","templated":true}]}}