{"id":5257,"date":"2025-07-09T09:51:40","date_gmt":"2025-07-09T07:51:40","guid":{"rendered":"https:\/\/agora.xtec.cat\/ceiptorreroja\/?p=5257"},"modified":"2025-10-22T08:42:56","modified_gmt":"2025-10-22T06:42:56","slug":"acta-de-la-reunio-del-dia-3-de-juny-de-2025","status":"publish","type":"post","link":"https:\/\/agora.xtec.cat\/ceiptorreroja\/general\/acta-de-la-reunio-del-dia-3-de-juny-de-2025\/","title":{"rendered":"Acta de la reuni\u00f3 del dia 3 de juny de 2025"},"content":{"rendered":"<p><strong>\u00a0<\/strong><strong>Data<\/strong>: 03 de juny de 2025<\/p>\n<p><strong>Horari<\/strong>: 16:45<\/p>\n<p><strong>Lloc<\/strong>: Reuni\u00f3 presencial<\/p>\n<p>&nbsp;<\/p>\n<p><strong>Acords<\/strong><\/p>\n<ol>\n<li>El Consell Escolar aprova l\u2019esborrany de l\u2019acta de la sessi\u00f3 anterior.<\/li>\n<li>S\u2019aprova el calendari de festes de lliure disposici\u00f3 per al curs 2025-26, aix\u00ed com l\u2019horari del centre.<\/li>\n<li>Es comunica al Consell la informaci\u00f3 disponible fins al moment en refer\u00e8ncia als ajuts en forma de Vals Escolars que distribuir\u00e0 per segon any consecutiu, la Generalitat de Catalunya.<\/li>\n<li>Es comunica al Consell l\u2019atorgament d\u2019una subvenci\u00f3 per part de l\u2019Ajuntament a tot l\u2019alumnat de l\u2019escola, destinada a ajudar les fam\u00edlies en l\u2019adquisici\u00f3 dels llibres de text.<\/li>\n<li>S\u2019aprova per unanimitat el Pla d\u2019Acollida.<\/li>\n<li>S\u2019aprova per unanimitat la Carta de Comprom\u00eds.<\/li>\n<li>S\u2019aprova la modificaci\u00f3 de la composici\u00f3 del Consell Escolar per tal que cap dels tres sectors no tingui un nombre de representants inferior a un ter\u00e7 del total.<\/li>\n<li>S\u2019informa al Consell sobre el nombre de preinscripcions per al curs vinent (2025-26).<\/li>\n<\/ol>\n<p><strong>\u00a0<\/strong><\/p>\n","protected":false},"excerpt":{"rendered":"<p>\u00a0Data: 03 de juny de 2025<br \/>\nHorari: 16:45<br \/>\nLloc: Reuni\u00f3 presencial<br \/>\n&nbsp;<br \/>\nAcords<\/p>\n<ol>\n<li>El Consell Escolar aprova l\u2019esborrany de l\u2019acta de la sessi\u00f3 anterior.<\/li>\n<li>S\u2019aprova el calendari de festes de lliure disposici\u00f3 per al curs 2025-26, aix\u00ed com l\u2019horari del centre.<\/li>\n<li>Es comunica al Consell la informaci\u00f3 disponible fins al moment en&hellip;  <a href=\"https:\/\/agora.xtec.cat\/ceiptorreroja\/general\/acta-de-la-reunio-del-dia-3-de-juny-de-2025\/\" title=\"Read Acta de la reuni\u00f3 del dia 3 de juny de 2025\">Llegeix m\u00e9s\u00bb<\/a><br \/>\n","protected":false},"author":3,"featured_media":0,"comment_status":"closed","ping_status":"closed","sticky":false,"template":"","format":"standard","meta":{"_bbp_topic_count":0,"_bbp_reply_count":0,"_bbp_total_topic_count":0,"_bbp_total_reply_count":0,"_bbp_voice_count":0,"_bbp_anonymous_reply_count":0,"_bbp_topic_count_hidden":0,"_bbp_reply_count_hidden":0,"_bbp_forum_subforum_count":0,"footnotes":""},"categories":[138,1],"tags":[167,168,114],"class_list":["post-5257","post","type-post","status-publish","format-standard","hentry","category-actes-consell-escolar","category-general","tag-acta","tag-actes","tag-consell-escolar"],"post_mailing_queue_ids":[],"_links":{"self":[{"href":"https:\/\/agora.xtec.cat\/ceiptorreroja\/wp-json\/wp\/v2\/posts\/5257","targetHints":{"allow":["GET"]}}],"collection":[{"href":"https:\/\/agora.xtec.cat\/ceiptorreroja\/wp-json\/wp\/v2\/posts"}],"about":[{"href":"https:\/\/agora.xtec.cat\/ceiptorreroja\/wp-json\/wp\/v2\/types\/post"}],"author":[{"embeddable":true,"href":"https:\/\/agora.xtec.cat\/ceiptorreroja\/wp-json\/wp\/v2\/users\/3"}],"replies":[{"embeddable":true,"href":"https:\/\/agora.xtec.cat\/ceiptorreroja\/wp-json\/wp\/v2\/comments?post=5257"}],"version-history":[{"count":3,"href":"https:\/\/agora.xtec.cat\/ceiptorreroja\/wp-json\/wp\/v2\/posts\/5257\/revisions"}],"predecessor-version":[{"id":5377,"href":"https:\/\/agora.xtec.cat\/ceiptorreroja\/wp-json\/wp\/v2\/posts\/5257\/revisions\/5377"}],"wp:attachment":[{"href":"https:\/\/agora.xtec.cat\/ceiptorreroja\/wp-json\/wp\/v2\/media?parent=5257"}],"wp:term":[{"taxonomy":"category","embeddable":true,"href":"https:\/\/agora.xtec.cat\/ceiptorreroja\/wp-json\/wp\/v2\/categories?post=5257"},{"taxonomy":"post_tag","embeddable":true,"href":"https:\/\/agora.xtec.cat\/ceiptorreroja\/wp-json\/wp\/v2\/tags?post=5257"}],"curies":[{"name":"wp","href":"https:\/\/api.w.org\/{rel}","templated":true}]}}