{"id":4912,"date":"2024-04-05T08:16:29","date_gmt":"2024-04-05T06:16:29","guid":{"rendered":"https:\/\/agora.xtec.cat\/ceiptorreroja\/?p=4912"},"modified":"2024-04-05T08:17:15","modified_gmt":"2024-04-05T06:17:15","slug":"acta-de-la-reunio-del-dia-12-de-marc-de-2024","status":"publish","type":"post","link":"https:\/\/agora.xtec.cat\/ceiptorreroja\/actes-consell-escolar\/acta-de-la-reunio-del-dia-12-de-marc-de-2024\/","title":{"rendered":"Acta de la reuni\u00f3 del dia 12 de mar\u00e7 de 2024"},"content":{"rendered":"<p><strong>Data<\/strong>: 12 de mar\u00e7 de 2024<\/p>\n<p><strong>Horari<\/strong>: 16:45<\/p>\n<p><strong>Lloc<\/strong>: Reuni\u00f3 presencial<\/p>\n<p>&nbsp;<\/p>\n<p><strong>Acords:<\/strong><\/p>\n<ol>\n<li>El Consell Escolar aprova l\u2019esborrany de l\u2019acta de la sessi\u00f3 anterior.<\/li>\n<li>S\u2019aprova per unanimitat la liquidaci\u00f3 dels comptes anuals de l\u2019any 2022 (Escola i Menjador).<\/li>\n<li>S\u2019aprova per unanimitat el pressupost per a l\u2019any 2023, elaborat amb data 31 de gener.<\/li>\n<li>S\u2019aprova la comissi\u00f3 d\u2019avaluaci\u00f3 per a l\u2019Avaldir.<\/li>\n<li>S\u2019informa al Consell del nombre de preinscripcions per al curs 2024-2025 a data de 12 de mar\u00e7 i es recorda que la llista d\u2019admesos es far\u00e0 p\u00fablica el 10 de juny. El per\u00edode de matriculaci\u00f3 dels preinscrits amb pla\u00e7a assignada ser\u00e0 del 18 al 26 de juny de 2024.<\/li>\n<\/ol>\n","protected":false},"excerpt":{"rendered":"<p>Data: 12 de mar\u00e7 de 2024<br \/>\nHorari: 16:45<br \/>\nLloc: Reuni\u00f3 presencial<br \/>\n&nbsp;<br \/>\nAcords:<\/p>\n<ol>\n<li>El Consell Escolar aprova l\u2019esborrany de l\u2019acta de la sessi\u00f3 anterior.<\/li>\n<li>S\u2019aprova per unanimitat la liquidaci\u00f3 dels comptes anuals de l\u2019any 2022 (Escola i Menjador).<\/li>\n<li>S\u2019aprova per unanimitat el pressupost per a l\u2019any 2023, elaborat amb data 31 de&hellip;  <a href=\"https:\/\/agora.xtec.cat\/ceiptorreroja\/actes-consell-escolar\/acta-de-la-reunio-del-dia-12-de-marc-de-2024\/\" title=\"Read Acta de la reuni\u00f3 del dia 12 de mar\u00e7 de 2024\">Llegeix m\u00e9s\u00bb<\/a><br \/>\n","protected":false},"author":3,"featured_media":0,"comment_status":"closed","ping_status":"closed","sticky":false,"template":"","format":"standard","meta":{"_bbp_topic_count":0,"_bbp_reply_count":0,"_bbp_total_topic_count":0,"_bbp_total_reply_count":0,"_bbp_voice_count":0,"_bbp_anonymous_reply_count":0,"_bbp_topic_count_hidden":0,"_bbp_reply_count_hidden":0,"_bbp_forum_subforum_count":0,"footnotes":""},"categories":[138],"tags":[],"class_list":["post-4912","post","type-post","status-publish","format-standard","hentry","category-actes-consell-escolar"],"post_mailing_queue_ids":[],"_links":{"self":[{"href":"https:\/\/agora.xtec.cat\/ceiptorreroja\/wp-json\/wp\/v2\/posts\/4912","targetHints":{"allow":["GET"]}}],"collection":[{"href":"https:\/\/agora.xtec.cat\/ceiptorreroja\/wp-json\/wp\/v2\/posts"}],"about":[{"href":"https:\/\/agora.xtec.cat\/ceiptorreroja\/wp-json\/wp\/v2\/types\/post"}],"author":[{"embeddable":true,"href":"https:\/\/agora.xtec.cat\/ceiptorreroja\/wp-json\/wp\/v2\/users\/3"}],"replies":[{"embeddable":true,"href":"https:\/\/agora.xtec.cat\/ceiptorreroja\/wp-json\/wp\/v2\/comments?post=4912"}],"version-history":[{"count":2,"href":"https:\/\/agora.xtec.cat\/ceiptorreroja\/wp-json\/wp\/v2\/posts\/4912\/revisions"}],"predecessor-version":[{"id":4914,"href":"https:\/\/agora.xtec.cat\/ceiptorreroja\/wp-json\/wp\/v2\/posts\/4912\/revisions\/4914"}],"wp:attachment":[{"href":"https:\/\/agora.xtec.cat\/ceiptorreroja\/wp-json\/wp\/v2\/media?parent=4912"}],"wp:term":[{"taxonomy":"category","embeddable":true,"href":"https:\/\/agora.xtec.cat\/ceiptorreroja\/wp-json\/wp\/v2\/categories?post=4912"},{"taxonomy":"post_tag","embeddable":true,"href":"https:\/\/agora.xtec.cat\/ceiptorreroja\/wp-json\/wp\/v2\/tags?post=4912"}],"curies":[{"name":"wp","href":"https:\/\/api.w.org\/{rel}","templated":true}]}}