{"id":4575,"date":"2023-06-20T10:38:29","date_gmt":"2023-06-20T08:38:29","guid":{"rendered":"https:\/\/agora.xtec.cat\/ceiptorreroja\/?p=4575"},"modified":"2023-07-12T09:57:25","modified_gmt":"2023-07-12T07:57:25","slug":"acta-de-la-reunio-del-dia-13-de-juny-de-2023","status":"publish","type":"post","link":"https:\/\/agora.xtec.cat\/ceiptorreroja\/actes-consell-escolar\/acta-de-la-reunio-del-dia-13-de-juny-de-2023\/","title":{"rendered":"Acta de la reuni\u00f3 del dia 13 de juny de 2023"},"content":{"rendered":"<p><strong>Data:<\/strong>\u00a0 13 de juny de 2023<br \/>\n<strong>Hora:<\/strong> 17:00 h<br \/>\n<strong>Lloc:<\/strong> Reuni\u00f3 presencial<\/p>\n<p><strong>Acords:<\/strong><\/p>\n<ol>\n<li>El Consell Escolar aprova l\u2019esborrany de l\u2019acta de la sessi\u00f3 anterior.<\/li>\n<li>S\u2019aprova el calendari de festes de lliure disposici\u00f3 per al curs 2023-24, aix\u00ed com l&#8217;horari del centre.<\/li>\n<li>Es comunica al Consell la informaci\u00f3 disponible fins al moment en refer\u00e8ncia als ajuts en forma de Vals Escolars que distribuir\u00e0 per al curs vinent la Generalitat de Catalunya.<\/li>\n<li>S\u2019informa al Consell sobre el nou model de xandall que entra en funcionament el curs vinent (tot i que el xandall antic continuar\u00e0 vigent fins a exhaurir exist\u00e8ncies).<\/li>\n<\/ol>\n<p>&nbsp;<\/p>\n<p>&nbsp;<\/p>\n","protected":false},"excerpt":{"rendered":"<p>Data:\u00a0 13 de juny de 2023<br \/>\nHora: 17:00 h<br \/>\nLloc: Reuni\u00f3 presencial<br \/>\nAcords:<\/p>\n<ol>\n<li>El Consell Escolar aprova l\u2019esborrany de l\u2019acta de la sessi\u00f3 anterior.<\/li>\n<li>S\u2019aprova el calendari de festes de lliure disposici\u00f3 per al curs 2023-24, aix\u00ed com l&#8217;horari del centre.<\/li>\n<li>Es comunica al Consell la informaci\u00f3 disponible fins al moment&hellip;  <a href=\"https:\/\/agora.xtec.cat\/ceiptorreroja\/actes-consell-escolar\/acta-de-la-reunio-del-dia-13-de-juny-de-2023\/\" title=\"Read Acta de la reuni\u00f3 del dia 13 de juny de 2023\">Llegeix m\u00e9s\u00bb<\/a><br \/>\n","protected":false},"author":3,"featured_media":0,"comment_status":"closed","ping_status":"closed","sticky":false,"template":"","format":"standard","meta":{"_bbp_topic_count":0,"_bbp_reply_count":0,"_bbp_total_topic_count":0,"_bbp_total_reply_count":0,"_bbp_voice_count":0,"_bbp_anonymous_reply_count":0,"_bbp_topic_count_hidden":0,"_bbp_reply_count_hidden":0,"_bbp_forum_subforum_count":0,"footnotes":""},"categories":[138],"tags":[],"class_list":["post-4575","post","type-post","status-publish","format-standard","hentry","category-actes-consell-escolar"],"post_mailing_queue_ids":[],"_links":{"self":[{"href":"https:\/\/agora.xtec.cat\/ceiptorreroja\/wp-json\/wp\/v2\/posts\/4575","targetHints":{"allow":["GET"]}}],"collection":[{"href":"https:\/\/agora.xtec.cat\/ceiptorreroja\/wp-json\/wp\/v2\/posts"}],"about":[{"href":"https:\/\/agora.xtec.cat\/ceiptorreroja\/wp-json\/wp\/v2\/types\/post"}],"author":[{"embeddable":true,"href":"https:\/\/agora.xtec.cat\/ceiptorreroja\/wp-json\/wp\/v2\/users\/3"}],"replies":[{"embeddable":true,"href":"https:\/\/agora.xtec.cat\/ceiptorreroja\/wp-json\/wp\/v2\/comments?post=4575"}],"version-history":[{"count":2,"href":"https:\/\/agora.xtec.cat\/ceiptorreroja\/wp-json\/wp\/v2\/posts\/4575\/revisions"}],"predecessor-version":[{"id":4601,"href":"https:\/\/agora.xtec.cat\/ceiptorreroja\/wp-json\/wp\/v2\/posts\/4575\/revisions\/4601"}],"wp:attachment":[{"href":"https:\/\/agora.xtec.cat\/ceiptorreroja\/wp-json\/wp\/v2\/media?parent=4575"}],"wp:term":[{"taxonomy":"category","embeddable":true,"href":"https:\/\/agora.xtec.cat\/ceiptorreroja\/wp-json\/wp\/v2\/categories?post=4575"},{"taxonomy":"post_tag","embeddable":true,"href":"https:\/\/agora.xtec.cat\/ceiptorreroja\/wp-json\/wp\/v2\/tags?post=4575"}],"curies":[{"name":"wp","href":"https:\/\/api.w.org\/{rel}","templated":true}]}}