{"id":4513,"date":"2023-04-26T14:40:31","date_gmt":"2023-04-26T12:40:31","guid":{"rendered":"https:\/\/agora.xtec.cat\/ceiptorreroja\/?p=4513"},"modified":"2023-04-26T14:45:50","modified_gmt":"2023-04-26T12:45:50","slug":"autors-a-les-aules","status":"publish","type":"post","link":"https:\/\/agora.xtec.cat\/ceiptorreroja\/general\/autors-a-les-aules\/","title":{"rendered":"Autors a les aules"},"content":{"rendered":"<h5 style=\"text-align: left;\"><span style=\"text-decoration: underline; color: #000000;\">Ens visita l&#8217;escriptora M. \u00c0ngels Juanmiquel Rovira!<\/span><\/h5>\n<h5><a href=\"https:\/\/agora.xtec.cat\/ceiptorreroja\/wp-content\/uploads\/usu1673\/2023\/04\/Lletres-catalanes.jpg\"><img loading=\"lazy\" decoding=\"async\" class=\"wp-image-4518 alignright\" src=\"https:\/\/agora.xtec.cat\/ceiptorreroja\/wp-content\/uploads\/usu1673\/2023\/04\/Lletres-catalanes.jpg\" alt=\"\" width=\"253\" height=\"92\" srcset=\"https:\/\/agora.xtec.cat\/ceiptorreroja\/wp-content\/uploads\/usu1673\/2023\/04\/Lletres-catalanes.jpg 910w, https:\/\/agora.xtec.cat\/ceiptorreroja\/wp-content\/uploads\/usu1673\/2023\/04\/Lletres-catalanes-300x109.jpg 300w, https:\/\/agora.xtec.cat\/ceiptorreroja\/wp-content\/uploads\/usu1673\/2023\/04\/Lletres-catalanes-768x279.jpg 768w\" sizes=\"auto, (max-width: 253px) 100vw, 253px\" \/><\/a><\/h5>\n<h5><\/h5>\n<p>&nbsp;<\/p>\n<p><span style=\"color: #000000;\">Des de fa anys, l&#8217;escola Torre Roja participa en el programa<\/span> <strong><span style=\"color: #339966;\">AUTORS A LES AULES<\/span><\/strong><span style=\"color: #000000;\"><span style=\"font-family: inherit; font-size: 1em;\"> de la <\/span><span style=\"text-decoration: underline;\">Instituci\u00f3 de les Lletres Catalanes.<\/span><\/span><\/p>\n<p style=\"text-align: justify;\"><span style=\"color: #000000;\">Aquest \u00e9s\u00a0un programa de foment de la lectura, promoci\u00f3 i difusi\u00f3 de la literatura que permet apropar l\u2019alumnat al fet literari, millorar la comprensi\u00f3 lectora com a eina fonamental per accedir al coneixement, estimular i potenciar l\u2019habilitat lectora i el coneixement de la llengua. Els nens i nenes poden establir\u00a0contacte directe amb els escriptors i escriptores i dialogar al voltant dels seus llibres de creaci\u00f3 i d&#8217;altres temes relacionats amb el fet literari com l&#8217;ofici d&#8217;escriure, el proc\u00e9s de creaci\u00f3, el m\u00f3n editorial&#8230;<\/span><\/p>\n<p><span style=\"color: #000000; font-family: inherit; font-size: 1em;\"><a style=\"color: #000000;\" href=\"https:\/\/agora.xtec.cat\/ceiptorreroja\/wp-content\/uploads\/usu1673\/2023\/04\/El-pot.jpg\"><img loading=\"lazy\" decoding=\"async\" class=\"wp-image-4514 alignleft\" src=\"https:\/\/agora.xtec.cat\/ceiptorreroja\/wp-content\/uploads\/usu1673\/2023\/04\/El-pot-669x1024.jpg\" alt=\"\" width=\"141\" height=\"216\" srcset=\"https:\/\/agora.xtec.cat\/ceiptorreroja\/wp-content\/uploads\/usu1673\/2023\/04\/El-pot-669x1024.jpg 669w, https:\/\/agora.xtec.cat\/ceiptorreroja\/wp-content\/uploads\/usu1673\/2023\/04\/El-pot-196x300.jpg 196w, https:\/\/agora.xtec.cat\/ceiptorreroja\/wp-content\/uploads\/usu1673\/2023\/04\/El-pot-768x1176.jpg 768w, https:\/\/agora.xtec.cat\/ceiptorreroja\/wp-content\/uploads\/usu1673\/2023\/04\/El-pot.jpg 1000w\" sizes=\"auto, (max-width: 141px) 100vw, 141px\" \/><\/a><\/span><\/p>\n<p><span style=\"color: #000000; font-family: inherit; font-size: 1em;\">Aix\u00ed, aquest curs l&#8217;alumnat de 3r de Prim\u00e0ria ha llegit el llibre:<\/span><\/p>\n<h3 style=\"text-align: center;\"><span style=\"color: #ff0000;\"><strong>EL POT DE LES ENRABIADES<\/strong><\/span><\/h3>\n<p><span style=\"color: #000000; font-family: inherit; font-size: 1em;\">La seva autora, <span style=\"color: #339966;\"><strong>M. \u00c0ngels Juanmiquel Rovira,\u00a0<\/strong><span style=\"color: #000000;\">ha vingut a l&#8217;escola i ha compartit una bona estona amb tot l&#8217;alumnat de 3r, explicant detalls del seu llibre, de la seva tasca com a escriptora i contestant tots els dubtes que els nens i nenes li han formulat.<\/span><\/span><\/span><\/p>\n<h4 style=\"text-align: center;\"><span style=\"color: #000000;\">Moltes gr\u00e0cies, M. \u00c0ngels, ens ha encantat el teu llibre!!!<\/span><\/h4>\n<p><a href=\"https:\/\/agora.xtec.cat\/ceiptorreroja\/wp-content\/uploads\/usu1673\/2023\/04\/IMG_4058.jpg\"><img loading=\"lazy\" decoding=\"async\" class=\"size-full wp-image-4528 aligncenter\" src=\"https:\/\/agora.xtec.cat\/ceiptorreroja\/wp-content\/uploads\/usu1673\/2023\/04\/IMG_4058.jpg\" alt=\"\" width=\"800\" height=\"600\" srcset=\"https:\/\/agora.xtec.cat\/ceiptorreroja\/wp-content\/uploads\/usu1673\/2023\/04\/IMG_4058.jpg 800w, https:\/\/agora.xtec.cat\/ceiptorreroja\/wp-content\/uploads\/usu1673\/2023\/04\/IMG_4058-300x225.jpg 300w, https:\/\/agora.xtec.cat\/ceiptorreroja\/wp-content\/uploads\/usu1673\/2023\/04\/IMG_4058-768x576.jpg 768w, https:\/\/agora.xtec.cat\/ceiptorreroja\/wp-content\/uploads\/usu1673\/2023\/04\/IMG_4058-200x150.jpg 200w\" sizes=\"auto, (max-width: 800px) 100vw, 800px\" \/><\/a><\/p>\n<p>&nbsp;<\/p>\n<p><a href=\"https:\/\/agora.xtec.cat\/ceiptorreroja\/wp-content\/uploads\/usu1673\/2023\/04\/IMG_4064.jpg\"><img loading=\"lazy\" decoding=\"async\" class=\"size-large wp-image-4529 aligncenter\" src=\"https:\/\/agora.xtec.cat\/ceiptorreroja\/wp-content\/uploads\/usu1673\/2023\/04\/IMG_4064.jpg\" alt=\"\" width=\"800\" height=\"482\" srcset=\"https:\/\/agora.xtec.cat\/ceiptorreroja\/wp-content\/uploads\/usu1673\/2023\/04\/IMG_4064.jpg 800w, https:\/\/agora.xtec.cat\/ceiptorreroja\/wp-content\/uploads\/usu1673\/2023\/04\/IMG_4064-300x181.jpg 300w, https:\/\/agora.xtec.cat\/ceiptorreroja\/wp-content\/uploads\/usu1673\/2023\/04\/IMG_4064-768x463.jpg 768w\" sizes=\"auto, (max-width: 800px) 100vw, 800px\" \/><\/a><\/p>\n","protected":false},"excerpt":{"rendered":"<p>Ens visita l&#8217;escriptora M. \u00c0ngels Juanmiquel Rovira!<br \/>\n<a href=\"https:\/\/agora.xtec.cat\/ceiptorreroja\/wp-content\/uploads\/usu1673\/2023\/04\/Lletres-catalanes.jpg\"><\/a><\/p>\n<p>&nbsp;<br \/>\nDes de fa anys, l&#8217;escola Torre Roja participa en el programa AUTORS A LES AULES de la Instituci\u00f3 de les Lletres Catalanes.<br \/>\nAquest \u00e9s\u00a0un programa de foment de la lectura, promoci\u00f3 i difusi\u00f3 de la literatura que permet apropar&hellip;  <a href=\"https:\/\/agora.xtec.cat\/ceiptorreroja\/general\/autors-a-les-aules\/\" title=\"Read Autors a les aules\">Llegeix m\u00e9s\u00bb<\/a><\/p>\n","protected":false},"author":3,"featured_media":0,"comment_status":"open","ping_status":"closed","sticky":false,"template":"","format":"standard","meta":{"_bbp_topic_count":0,"_bbp_reply_count":0,"_bbp_total_topic_count":0,"_bbp_total_reply_count":0,"_bbp_voice_count":0,"_bbp_anonymous_reply_count":0,"_bbp_topic_count_hidden":0,"_bbp_reply_count_hidden":0,"_bbp_forum_subforum_count":0,"footnotes":""},"categories":[12,1,4,5],"tags":[147,151,149,148,87,89,150],"class_list":["post-4513","post","type-post","status-publish","format-standard","hentry","category-3r","category-general","category-portada","category-primaria","tag-autors-a-les-aules","tag-cultura","tag-escriptores","tag-escriptors","tag-lectura","tag-llibres","tag-novella"],"post_mailing_queue_ids":[],"_links":{"self":[{"href":"https:\/\/agora.xtec.cat\/ceiptorreroja\/wp-json\/wp\/v2\/posts\/4513","targetHints":{"allow":["GET"]}}],"collection":[{"href":"https:\/\/agora.xtec.cat\/ceiptorreroja\/wp-json\/wp\/v2\/posts"}],"about":[{"href":"https:\/\/agora.xtec.cat\/ceiptorreroja\/wp-json\/wp\/v2\/types\/post"}],"author":[{"embeddable":true,"href":"https:\/\/agora.xtec.cat\/ceiptorreroja\/wp-json\/wp\/v2\/users\/3"}],"replies":[{"embeddable":true,"href":"https:\/\/agora.xtec.cat\/ceiptorreroja\/wp-json\/wp\/v2\/comments?post=4513"}],"version-history":[{"count":3,"href":"https:\/\/agora.xtec.cat\/ceiptorreroja\/wp-json\/wp\/v2\/posts\/4513\/revisions"}],"predecessor-version":[{"id":4530,"href":"https:\/\/agora.xtec.cat\/ceiptorreroja\/wp-json\/wp\/v2\/posts\/4513\/revisions\/4530"}],"wp:attachment":[{"href":"https:\/\/agora.xtec.cat\/ceiptorreroja\/wp-json\/wp\/v2\/media?parent=4513"}],"wp:term":[{"taxonomy":"category","embeddable":true,"href":"https:\/\/agora.xtec.cat\/ceiptorreroja\/wp-json\/wp\/v2\/categories?post=4513"},{"taxonomy":"post_tag","embeddable":true,"href":"https:\/\/agora.xtec.cat\/ceiptorreroja\/wp-json\/wp\/v2\/tags?post=4513"}],"curies":[{"name":"wp","href":"https:\/\/api.w.org\/{rel}","templated":true}]}}