{"id":4501,"date":"2023-04-26T12:15:24","date_gmt":"2023-04-26T10:15:24","guid":{"rendered":"https:\/\/agora.xtec.cat\/ceiptorreroja\/?p=4501"},"modified":"2023-04-26T14:52:42","modified_gmt":"2023-04-26T12:52:42","slug":"certamen-poetic-joan-joan-sant-jordi-2023","status":"publish","type":"post","link":"https:\/\/agora.xtec.cat\/ceiptorreroja\/general\/certamen-poetic-joan-joan-sant-jordi-2023\/","title":{"rendered":"Certamen Po\u00e8tic Joan Joan &#8211; Sant Jordi 2023"},"content":{"rendered":"<p><a href=\"https:\/\/agora.xtec.cat\/ceiptorreroja\/wp-content\/uploads\/usu1673\/2023\/04\/Sant-Jordi.jpg\"><img loading=\"lazy\" decoding=\"async\" class=\" wp-image-4502 alignleft\" src=\"https:\/\/agora.xtec.cat\/ceiptorreroja\/wp-content\/uploads\/usu1673\/2023\/04\/Sant-Jordi.jpg\" alt=\"\" width=\"319\" height=\"327\" srcset=\"https:\/\/agora.xtec.cat\/ceiptorreroja\/wp-content\/uploads\/usu1673\/2023\/04\/Sant-Jordi.jpg 425w, https:\/\/agora.xtec.cat\/ceiptorreroja\/wp-content\/uploads\/usu1673\/2023\/04\/Sant-Jordi-292x300.jpg 292w\" sizes=\"auto, (max-width: 319px) 100vw, 319px\" \/><\/a><\/p>\n<p><strong>Ja tenim els guanyadors i guanyadores del Certamen de Poesia Joan Joan d&#8217;aquest any 2023!<\/strong><\/p>\n<p>Com \u00e9s tradici\u00f3 en el nostre centre, el Certamen de Poesia en el qual participen tots i totes les alumnes de 6\u00e8 s&#8217;emmarca en la celebraci\u00f3 a l&#8217;escola de la Diada de Sant Jordi, una jornada festiva i liter\u00e0ria.<\/p>\n<p>Enguany, els poemes de 6\u00e8 han tingut com a fil conductor el \u201cPatrimoni de Sant Pere de Vilamajor\u201d. Aix\u00ed, la tem\u00e0tica de les poesies ha estat diversa i s\u2019hi han vist reflectits molts dels elements que donen pres\u00e8ncia al nostre poble.<\/p>\n<p>Aqu\u00ed els teniu els guanyadors d&#8217;aquest any! Llegiu les seves creacions, us agradaran molt!<\/p>\n<table style=\"border-collapse: collapse; width: 99.725%; height: 95px;\">\n<tbody>\n<tr style=\"height: 33px;\">\n<td style=\"width: 25%; height: 33px; background-color: #b8e3f5; text-align: center;\">\n<h4><strong><span style=\"text-decoration: underline; color: #000000;\">1r premi<\/span><\/strong><\/h4>\n<\/td>\n<td style=\"width: 25%; height: 33px; background-color: #c9f2b1; text-align: center;\">\n<h4><strong><span style=\"text-decoration: underline; color: #000000;\">2n premi<\/span><\/strong><\/h4>\n<\/td>\n<td style=\"width: 25%; height: 33px; background-color: #f2a7a7; text-align: center;\">\n<h4><strong><span style=\"text-decoration: underline; color: #000000;\">3r premi<\/span><\/strong><\/h4>\n<\/td>\n<\/tr>\n<tr style=\"height: 42px;\">\n<td style=\"width: 25%; height: 29px; background-color: #26b0f0; text-align: center;\">\n<h4><strong><a href=\"https:\/\/agora.xtec.cat\/ceiptorreroja\/wp-content\/uploads\/usu1673\/2023\/04\/La-Torre-Roja.jpg\">LA TORRE ROJA<\/a><\/strong><\/h4>\n<\/td>\n<td style=\"width: 25%; height: 29px; background-color: #8bf76a; text-align: center;\"><strong><a href=\"https:\/\/agora.xtec.cat\/ceiptorreroja\/wp-content\/uploads\/usu1673\/2023\/04\/La-rata-de-lesglesia.jpg\"><span style=\"font-family: Consolas, Liberation Mono, Courier, monospace;\"><span style=\"font-size: 23.625px;\">LA RATA DE L&#8217;ESGL\u00c9SIA<\/span><\/span><\/a><\/strong><\/td>\n<td style=\"width: 25%; height: 29px; background-color: #f25a5a; text-align: center;\">\n<h4><strong><a href=\"https:\/\/agora.xtec.cat\/ceiptorreroja\/wp-content\/uploads\/usu1673\/2023\/04\/La-Riera.jpg\">LA RIERA<\/a><\/strong><\/h4>\n<\/td>\n<\/tr>\n<tr style=\"height: 33px;\">\n<td style=\"width: 25%; height: 33px; background-color: #b8e3f5; text-align: center;\">\n<h5><span style=\"color: #000000;\"><em>Raquel Jov\u00e9 Bernial<\/em><\/span><\/h5>\n<\/td>\n<td style=\"width: 25%; height: 33px; background-color: #c9f2b1; text-align: center;\">\n<h5><span style=\"color: #000000;\"><em>Ona Aligu\u00e9 Mart\u00ednez<\/em><\/span><\/h5>\n<\/td>\n<td style=\"width: 25%; height: 33px; background-color: #ed9d9d; text-align: center;\">\n<h5><span style=\"color: #000000;\"><i>Eva Musso Caballeria<\/i><\/span><\/h5>\n<\/td>\n<\/tr>\n<\/tbody>\n<\/table>\n<p>&nbsp;<\/p>\n","protected":false},"excerpt":{"rendered":"<p><a href=\"https:\/\/agora.xtec.cat\/ceiptorreroja\/wp-content\/uploads\/usu1673\/2023\/04\/Sant-Jordi.jpg\"><\/a><br \/>\nJa tenim els guanyadors i guanyadores del Certamen de Poesia Joan Joan d&#8217;aquest any 2023!<br \/>\nCom \u00e9s tradici\u00f3 en el nostre centre, el Certamen de Poesia en el qual participen tots i totes les alumnes de 6\u00e8 s&#8217;emmarca en la celebraci\u00f3 a l&#8217;escola de la&hellip;  <a href=\"https:\/\/agora.xtec.cat\/ceiptorreroja\/general\/certamen-poetic-joan-joan-sant-jordi-2023\/\" title=\"Read Certamen Po\u00e8tic Joan Joan &#8211; Sant Jordi 2023\">Llegeix m\u00e9s\u00bb<\/a><\/p>\n","protected":false},"author":3,"featured_media":0,"comment_status":"closed","ping_status":"closed","sticky":false,"template":"","format":"standard","meta":{"_bbp_topic_count":0,"_bbp_reply_count":0,"_bbp_total_topic_count":0,"_bbp_total_reply_count":0,"_bbp_voice_count":0,"_bbp_anonymous_reply_count":0,"_bbp_topic_count_hidden":0,"_bbp_reply_count_hidden":0,"_bbp_forum_subforum_count":0,"footnotes":""},"categories":[15,1,4,5],"tags":[109,146,145,68,108],"class_list":["post-4501","post","type-post","status-publish","format-standard","hentry","category-6e","category-general","category-portada","category-primaria","tag-certamen-poetic","tag-joan-joan","tag-poemes","tag-poesia","tag-sant-jordi"],"post_mailing_queue_ids":[],"_links":{"self":[{"href":"https:\/\/agora.xtec.cat\/ceiptorreroja\/wp-json\/wp\/v2\/posts\/4501","targetHints":{"allow":["GET"]}}],"collection":[{"href":"https:\/\/agora.xtec.cat\/ceiptorreroja\/wp-json\/wp\/v2\/posts"}],"about":[{"href":"https:\/\/agora.xtec.cat\/ceiptorreroja\/wp-json\/wp\/v2\/types\/post"}],"author":[{"embeddable":true,"href":"https:\/\/agora.xtec.cat\/ceiptorreroja\/wp-json\/wp\/v2\/users\/3"}],"replies":[{"embeddable":true,"href":"https:\/\/agora.xtec.cat\/ceiptorreroja\/wp-json\/wp\/v2\/comments?post=4501"}],"version-history":[{"count":3,"href":"https:\/\/agora.xtec.cat\/ceiptorreroja\/wp-json\/wp\/v2\/posts\/4501\/revisions"}],"predecessor-version":[{"id":4536,"href":"https:\/\/agora.xtec.cat\/ceiptorreroja\/wp-json\/wp\/v2\/posts\/4501\/revisions\/4536"}],"wp:attachment":[{"href":"https:\/\/agora.xtec.cat\/ceiptorreroja\/wp-json\/wp\/v2\/media?parent=4501"}],"wp:term":[{"taxonomy":"category","embeddable":true,"href":"https:\/\/agora.xtec.cat\/ceiptorreroja\/wp-json\/wp\/v2\/categories?post=4501"},{"taxonomy":"post_tag","embeddable":true,"href":"https:\/\/agora.xtec.cat\/ceiptorreroja\/wp-json\/wp\/v2\/tags?post=4501"}],"curies":[{"name":"wp","href":"https:\/\/api.w.org\/{rel}","templated":true}]}}