{"id":4223,"date":"2022-06-09T12:53:01","date_gmt":"2022-06-09T10:53:01","guid":{"rendered":"https:\/\/agora.xtec.cat\/ceiptorreroja\/?p=4223"},"modified":"2022-09-27T09:14:12","modified_gmt":"2022-09-27T07:14:12","slug":"sacaba-el-curs","status":"publish","type":"post","link":"https:\/\/agora.xtec.cat\/ceiptorreroja\/cursos-anteriors\/sacaba-el-curs\/","title":{"rendered":"S&#8217;acaba el curs"},"content":{"rendered":"<p>Ens trobem a la recta final del curs 2021-22. Aquest dimarts 7 de juny, ha comen\u00e7at la jornada intensiva en que l&#8217;alumnat segueix l&#8217;horari de 8.30 a 12.30h, i fins les 14.45h els infants que es queden al menjador. A la tarda no hi ha classe, per\u00f2 podem gaudir del <a href=\"https:\/\/agora.xtec.cat\/ceiptorreroja\/serveis\/casal-destiu\/\">Casalet de Juny<\/a> que organitza l&#8217;AMPA.<\/p>\n<p>Els nois i noies de 6\u00e8 han estat de col\u00f2nies al Delta de l&#8217;Ebre, s&#8217;ho han passat d&#8217;all\u00f2 m\u00e9s b\u00e9, i el proper dia 17 de juny ens acomiadarem d&#8217;ells dins dels actes del Festival de Fi de Curs.<\/p>\n<p>Dimecres dia 22, <strong>\u00faltim dia d&#8217;escola<\/strong>, tots i totes anirem a celebrar-ho al Xaragall, on farem jocs d&#8217;aigua i passarem el dia a la natura.<\/p>\n<p><a href=\"https:\/\/agora.xtec.cat\/ceiptorreroja\/wp-content\/uploads\/usu1673\/2022\/06\/xaragall-web.jpg\"><img loading=\"lazy\" decoding=\"async\" class=\"wp-image-4226 aligncenter\" src=\"https:\/\/agora.xtec.cat\/ceiptorreroja\/wp-content\/uploads\/usu1673\/2022\/06\/xaragall-web.jpg\" alt=\"\" width=\"721\" height=\"451\" srcset=\"https:\/\/agora.xtec.cat\/ceiptorreroja\/wp-content\/uploads\/usu1673\/2022\/06\/xaragall-web.jpg 1200w, https:\/\/agora.xtec.cat\/ceiptorreroja\/wp-content\/uploads\/usu1673\/2022\/06\/xaragall-web-300x188.jpg 300w, https:\/\/agora.xtec.cat\/ceiptorreroja\/wp-content\/uploads\/usu1673\/2022\/06\/xaragall-web-1024x640.jpg 1024w, https:\/\/agora.xtec.cat\/ceiptorreroja\/wp-content\/uploads\/usu1673\/2022\/06\/xaragall-web-768x480.jpg 768w\" sizes=\"auto, (max-width: 721px) 100vw, 721px\" \/><\/a><\/p>\n<p>&nbsp;<\/p>\n","protected":false},"excerpt":{"rendered":"<p>Ens trobem a la recta final del curs 2021-22. Aquest dimarts 7 de juny, ha comen\u00e7at la jornada intensiva en que l&#8217;alumnat segueix l&#8217;horari de 8.30 a 12.30h, i fins les 14.45h els infants que es queden al menjador. A la tarda no hi ha&hellip;  <a href=\"https:\/\/agora.xtec.cat\/ceiptorreroja\/cursos-anteriors\/sacaba-el-curs\/\" title=\"Read S&#8217;acaba el curs\">Llegeix m\u00e9s\u00bb<\/a><\/p>\n","protected":false},"author":1,"featured_media":4226,"comment_status":"closed","ping_status":"closed","sticky":false,"template":"","format":"standard","meta":{"_bbp_topic_count":0,"_bbp_reply_count":0,"_bbp_total_topic_count":0,"_bbp_total_reply_count":0,"_bbp_voice_count":0,"_bbp_anonymous_reply_count":0,"_bbp_topic_count_hidden":0,"_bbp_reply_count_hidden":0,"_bbp_forum_subforum_count":0,"footnotes":""},"categories":[107],"tags":[69,116,75],"class_list":["post-4223","post","type-post","status-publish","format-standard","has-post-thumbnail","hentry","category-cursos-anteriors","tag-6e","tag-festes","tag-vacances"],"post_mailing_queue_ids":[],"_links":{"self":[{"href":"https:\/\/agora.xtec.cat\/ceiptorreroja\/wp-json\/wp\/v2\/posts\/4223","targetHints":{"allow":["GET"]}}],"collection":[{"href":"https:\/\/agora.xtec.cat\/ceiptorreroja\/wp-json\/wp\/v2\/posts"}],"about":[{"href":"https:\/\/agora.xtec.cat\/ceiptorreroja\/wp-json\/wp\/v2\/types\/post"}],"author":[{"embeddable":true,"href":"https:\/\/agora.xtec.cat\/ceiptorreroja\/wp-json\/wp\/v2\/users\/1"}],"replies":[{"embeddable":true,"href":"https:\/\/agora.xtec.cat\/ceiptorreroja\/wp-json\/wp\/v2\/comments?post=4223"}],"version-history":[{"count":3,"href":"https:\/\/agora.xtec.cat\/ceiptorreroja\/wp-json\/wp\/v2\/posts\/4223\/revisions"}],"predecessor-version":[{"id":4232,"href":"https:\/\/agora.xtec.cat\/ceiptorreroja\/wp-json\/wp\/v2\/posts\/4223\/revisions\/4232"}],"wp:featuredmedia":[{"embeddable":true,"href":"https:\/\/agora.xtec.cat\/ceiptorreroja\/wp-json\/wp\/v2\/media\/4226"}],"wp:attachment":[{"href":"https:\/\/agora.xtec.cat\/ceiptorreroja\/wp-json\/wp\/v2\/media?parent=4223"}],"wp:term":[{"taxonomy":"category","embeddable":true,"href":"https:\/\/agora.xtec.cat\/ceiptorreroja\/wp-json\/wp\/v2\/categories?post=4223"},{"taxonomy":"post_tag","embeddable":true,"href":"https:\/\/agora.xtec.cat\/ceiptorreroja\/wp-json\/wp\/v2\/tags?post=4223"}],"curies":[{"name":"wp","href":"https:\/\/api.w.org\/{rel}","templated":true}]}}