{"id":4192,"date":"2022-05-27T09:45:14","date_gmt":"2022-05-27T07:45:14","guid":{"rendered":"https:\/\/agora.xtec.cat\/ceiptorreroja\/?p=4192"},"modified":"2022-09-27T09:14:19","modified_gmt":"2022-09-27T07:14:19","slug":"xxxvi-jocs-olimpics-de-lescola-torre-roja","status":"publish","type":"post","link":"https:\/\/agora.xtec.cat\/ceiptorreroja\/general\/xxxvi-jocs-olimpics-de-lescola-torre-roja\/","title":{"rendered":"XXXVI Jocs Ol\u00edmpics de l&#8217;Escola Torre Roja"},"content":{"rendered":"<p style=\"font-weight: 400;\">Divendres dia 27 de maig se celebren els <strong>Jocs Ol\u00edmpics de l&#8217;escola Torre Roja<\/strong>, una de les activitats m\u00e9s esperades pel nostre alumnat. L\u2019escola Torre Roja porta molts anys organitzant Jocs Ol\u00edmpics per als nostres alumnes. Enguany celebrem la\u00a0<strong>36ena edici\u00f3!<\/strong><\/p>\n<p style=\"font-weight: 400;\">Aquest any es repeteix la ubicaci\u00f3 del curs passat, i els <em>jocs <\/em>es duran a terme al\u00a0<u>Camp de futbol Joan Nicolau<\/u> de Sant Antoni. Es desenvolupen dins l\u2019horari escolar i per franges hor\u00e0ries assignades a cadascun dels diferents nivells.<a href=\"https:\/\/agora.xtec.cat\/ceiptorreroja\/wp-content\/uploads\/usu1673\/2022\/05\/IMG-6292web-scaled.jpg\"><img loading=\"lazy\" decoding=\"async\" class=\"wp-image-4194 alignright\" src=\"https:\/\/agora.xtec.cat\/ceiptorreroja\/wp-content\/uploads\/usu1673\/2022\/05\/IMG-6292web-scaled.jpg\" alt=\"\" width=\"273\" height=\"364\" srcset=\"https:\/\/agora.xtec.cat\/ceiptorreroja\/wp-content\/uploads\/usu1673\/2022\/05\/IMG-6292web-scaled.jpg 1921w, https:\/\/agora.xtec.cat\/ceiptorreroja\/wp-content\/uploads\/usu1673\/2022\/05\/IMG-6292web-225x300.jpg 225w, https:\/\/agora.xtec.cat\/ceiptorreroja\/wp-content\/uploads\/usu1673\/2022\/05\/IMG-6292web-768x1024.jpg 768w, https:\/\/agora.xtec.cat\/ceiptorreroja\/wp-content\/uploads\/usu1673\/2022\/05\/IMG-6292web-1152x1536.jpg 1152w, https:\/\/agora.xtec.cat\/ceiptorreroja\/wp-content\/uploads\/usu1673\/2022\/05\/IMG-6292web-1537x2048.jpg 1537w\" sizes=\"auto, (max-width: 273px) 100vw, 273px\" \/><\/a><\/p>\n<p style=\"font-weight: 400;\">Tots els nens i nenes de l\u2019escola participaran en les diferents proves que s\u2019organitzen:<\/p>\n<ul>\n<li style=\"font-weight: 400;\">Salt de longitud<\/li>\n<li style=\"font-weight: 400;\">Salt d\u2019al\u00e7ada<\/li>\n<li style=\"font-weight: 400;\">Llan\u00e7ament de javelina<\/li>\n<li style=\"font-weight: 400;\">Llan\u00e7ament de pes<\/li>\n<li style=\"font-weight: 400;\">Marxa atl\u00e8tica<\/li>\n<li style=\"font-weight: 400;\">Cursa de velocitat<\/li>\n<\/ul>\n<p style=\"font-weight: 400;\">Aprofitarem aquesta activitat per passar un dia fora de l\u2019escola,\u00a0<strong>esmorzant i dinant<\/strong>\u00a0a diferents indrets del nostre entorn i gaudint aix\u00ed d\u2019una jornada esportiva i de conviv\u00e8ncia.<\/p>\n<p style=\"font-weight: 400;\">Com cada any, hem dissenyat una\u00a0<strong>samarreta<\/strong> \u00fanica i irrepetible per als nostres Jocs. Aquest curs, tots els nens i nenes de l\u2019escola hi han participat, votant el color definitiu: el <strong>BLAU CEL<\/strong>. La imatge fa refer\u00e8ncia a la tem\u00e0tica del projecte general d&#8217;escola que aquest curs dona nom a les classes, les <em>Danses del m\u00f3n.<\/em><\/p>\n<p>Podeu llegir l&#8217; <a href=\"https:\/\/setmanarilacanalla.blogspot.com\/2022\/06\/els-nostres-jocs-olimpics.html\">Article del blog La Canalla<\/a> sobre aquest dia.<\/p>\n","protected":false},"excerpt":{"rendered":"<p>Divendres dia 27 de maig se celebren els Jocs Ol\u00edmpics de l&#8217;escola Torre Roja, una de les activitats m\u00e9s esperades pel nostre alumnat. L\u2019escola Torre Roja porta molts anys organitzant Jocs Ol\u00edmpics per als nostres alumnes. Enguany celebrem la\u00a036ena edici\u00f3!<br \/>\nAquest any es repeteix la ubicaci\u00f3&hellip;  <a href=\"https:\/\/agora.xtec.cat\/ceiptorreroja\/general\/xxxvi-jocs-olimpics-de-lescola-torre-roja\/\" title=\"Read XXXVI Jocs Ol\u00edmpics de l&#8217;Escola Torre Roja\">Llegeix m\u00e9s\u00bb<\/a><\/p>\n","protected":false},"author":1,"featured_media":4194,"comment_status":"open","ping_status":"closed","sticky":false,"template":"","format":"standard","meta":{"_bbp_topic_count":0,"_bbp_reply_count":0,"_bbp_total_topic_count":0,"_bbp_total_reply_count":0,"_bbp_voice_count":0,"_bbp_anonymous_reply_count":0,"_bbp_topic_count_hidden":0,"_bbp_reply_count_hidden":0,"_bbp_forum_subforum_count":0,"footnotes":""},"categories":[107,1],"tags":[140,141,116,139],"class_list":["post-4192","post","type-post","status-publish","format-standard","has-post-thumbnail","hentry","category-cursos-anteriors","category-general","tag-convivencia","tag-esport","tag-festes","tag-jocs-olimpics"],"post_mailing_queue_ids":[],"_links":{"self":[{"href":"https:\/\/agora.xtec.cat\/ceiptorreroja\/wp-json\/wp\/v2\/posts\/4192","targetHints":{"allow":["GET"]}}],"collection":[{"href":"https:\/\/agora.xtec.cat\/ceiptorreroja\/wp-json\/wp\/v2\/posts"}],"about":[{"href":"https:\/\/agora.xtec.cat\/ceiptorreroja\/wp-json\/wp\/v2\/types\/post"}],"author":[{"embeddable":true,"href":"https:\/\/agora.xtec.cat\/ceiptorreroja\/wp-json\/wp\/v2\/users\/1"}],"replies":[{"embeddable":true,"href":"https:\/\/agora.xtec.cat\/ceiptorreroja\/wp-json\/wp\/v2\/comments?post=4192"}],"version-history":[{"count":3,"href":"https:\/\/agora.xtec.cat\/ceiptorreroja\/wp-json\/wp\/v2\/posts\/4192\/revisions"}],"predecessor-version":[{"id":4233,"href":"https:\/\/agora.xtec.cat\/ceiptorreroja\/wp-json\/wp\/v2\/posts\/4192\/revisions\/4233"}],"wp:featuredmedia":[{"embeddable":true,"href":"https:\/\/agora.xtec.cat\/ceiptorreroja\/wp-json\/wp\/v2\/media\/4194"}],"wp:attachment":[{"href":"https:\/\/agora.xtec.cat\/ceiptorreroja\/wp-json\/wp\/v2\/media?parent=4192"}],"wp:term":[{"taxonomy":"category","embeddable":true,"href":"https:\/\/agora.xtec.cat\/ceiptorreroja\/wp-json\/wp\/v2\/categories?post=4192"},{"taxonomy":"post_tag","embeddable":true,"href":"https:\/\/agora.xtec.cat\/ceiptorreroja\/wp-json\/wp\/v2\/tags?post=4192"}],"curies":[{"name":"wp","href":"https:\/\/api.w.org\/{rel}","templated":true}]}}