{"id":4082,"date":"2022-05-19T14:43:27","date_gmt":"2022-05-19T12:43:27","guid":{"rendered":"https:\/\/agora.xtec.cat\/ceiptorreroja\/?p=4082"},"modified":"2022-05-19T15:17:55","modified_gmt":"2022-05-19T13:17:55","slug":"acta-de-la-reunio-del-5-de-febrer-de-2020","status":"publish","type":"post","link":"https:\/\/agora.xtec.cat\/ceiptorreroja\/actes-consell-escolar\/acta-de-la-reunio-del-5-de-febrer-de-2020\/","title":{"rendered":"Acta de la reuni\u00f3 del dia 5 de febrer de 2020"},"content":{"rendered":"<p><strong>Data:\u00a0<\/strong>05 de febrer de 2020<br \/>\n<strong>Horari:\u00a0\u00a0<\/strong>16:45<\/p>\n<p><strong>Acords:<\/strong><\/p>\n<ol>\n<li>S\u2019aprova el pressupost econ\u00f2mic de l\u2019any 2020.\n<ul>\n<li>\n<ul>\n<li>Comissi\u00f3 de selecci\u00f3 de la directora del centre:<\/li>\n<li>Es designa un membre del Consell escolar, sector fam\u00edlies, per formar part de la selecci\u00f3 de la directora del Centre \u00e9s la Immaculada Bernial Bosch i com a substituta la Cristina Garc\u00eda Torres.<\/li>\n<\/ul>\n<\/li>\n<\/ul>\n<\/li>\n<li>S\u2019informa de l\u2019ampliaci\u00f3 d\u2019una sortida d\u2019Educaci\u00f3 Infantil a Sant Antoni de Vilamajor per a veure l\u2019exposici\u00f3 Geganters de Vilamajor.<\/li>\n<li>S\u2019informen de les activitats art\u00edstiques que es portaran a terme durant la Setmana Cultural:\n<ul>\n<li>\n<ul>\n<li>Mural a la paret dels elements m\u00e9s emblem\u00e0tics de Sant Pere, on tots els alumnes de l\u2019escola participaran pintant el mural.<\/li>\n<li>M\u2019expliques Sant Pere? Activitat on es far\u00e0 una pinzellada de la hist\u00f2ria de Sant Pere.<\/li>\n<li>Danses Medievals, activitat on s\u2019ensenyar\u00e0 una dansa que es balla a la Festa del Vilamagore.<\/li>\n<\/ul>\n<\/li>\n<\/ul>\n<\/li>\n<\/ol>\n","protected":false},"excerpt":{"rendered":"<p>Data:\u00a005 de febrer de 2020<br \/>\nHorari:\u00a0\u00a016:45<br \/>\nAcords:<\/p>\n<ol>\n<li>S\u2019aprova el pressupost econ\u00f2mic de l\u2019any 2020.\n<ul>\n<li>\n<ul>\n<li>Comissi\u00f3 de selecci\u00f3 de la directora del centre:<\/li>\n<li>Es designa un membre del Consell escolar, sector fam\u00edlies, per formar part de la selecci\u00f3 de la directora del Centre \u00e9s la Immaculada Bernial Bosch i com a&hellip;  <a href=\"https:\/\/agora.xtec.cat\/ceiptorreroja\/actes-consell-escolar\/acta-de-la-reunio-del-5-de-febrer-de-2020\/\" title=\"Read Acta de la reuni\u00f3 del dia 5 de febrer de 2020\">Llegeix m\u00e9s\u00bb<\/a><br \/>\n","protected":false},"author":1,"featured_media":0,"comment_status":"open","ping_status":"closed","sticky":false,"template":"","format":"standard","meta":{"_bbp_topic_count":0,"_bbp_reply_count":0,"_bbp_total_topic_count":0,"_bbp_total_reply_count":0,"_bbp_voice_count":0,"_bbp_anonymous_reply_count":0,"_bbp_topic_count_hidden":0,"_bbp_reply_count_hidden":0,"_bbp_forum_subforum_count":0,"footnotes":""},"categories":[138],"tags":[],"class_list":["post-4082","post","type-post","status-publish","format-standard","hentry","category-actes-consell-escolar"],"post_mailing_queue_ids":[],"_links":{"self":[{"href":"https:\/\/agora.xtec.cat\/ceiptorreroja\/wp-json\/wp\/v2\/posts\/4082","targetHints":{"allow":["GET"]}}],"collection":[{"href":"https:\/\/agora.xtec.cat\/ceiptorreroja\/wp-json\/wp\/v2\/posts"}],"about":[{"href":"https:\/\/agora.xtec.cat\/ceiptorreroja\/wp-json\/wp\/v2\/types\/post"}],"author":[{"embeddable":true,"href":"https:\/\/agora.xtec.cat\/ceiptorreroja\/wp-json\/wp\/v2\/users\/1"}],"replies":[{"embeddable":true,"href":"https:\/\/agora.xtec.cat\/ceiptorreroja\/wp-json\/wp\/v2\/comments?post=4082"}],"version-history":[{"count":2,"href":"https:\/\/agora.xtec.cat\/ceiptorreroja\/wp-json\/wp\/v2\/posts\/4082\/revisions"}],"predecessor-version":[{"id":4084,"href":"https:\/\/agora.xtec.cat\/ceiptorreroja\/wp-json\/wp\/v2\/posts\/4082\/revisions\/4084"}],"wp:attachment":[{"href":"https:\/\/agora.xtec.cat\/ceiptorreroja\/wp-json\/wp\/v2\/media?parent=4082"}],"wp:term":[{"taxonomy":"category","embeddable":true,"href":"https:\/\/agora.xtec.cat\/ceiptorreroja\/wp-json\/wp\/v2\/categories?post=4082"},{"taxonomy":"post_tag","embeddable":true,"href":"https:\/\/agora.xtec.cat\/ceiptorreroja\/wp-json\/wp\/v2\/tags?post=4082"}],"curies":[{"name":"wp","href":"https:\/\/api.w.org\/{rel}","templated":true}]}}