{"id":4074,"date":"2022-05-19T14:47:18","date_gmt":"2022-05-19T12:47:18","guid":{"rendered":"https:\/\/agora.xtec.cat\/ceiptorreroja\/?p=4074"},"modified":"2022-05-19T15:08:48","modified_gmt":"2022-05-19T13:08:48","slug":"acta-de-la-reunio-del-dia-23-de-marc-de-2021","status":"publish","type":"post","link":"https:\/\/agora.xtec.cat\/ceiptorreroja\/actes-consell-escolar\/acta-de-la-reunio-del-dia-23-de-marc-de-2021\/","title":{"rendered":"Acta de la reuni\u00f3 del dia 23 de mar\u00e7 de 2021"},"content":{"rendered":"<p><strong>Data<\/strong>: 23 de mar\u00e7 de 2021<br \/>\n<strong>Horari<\/strong>: 17:30<br \/>\n<strong>Lloc<\/strong>: Reuni\u00f3 telem\u00e0tica<\/p>\n<p><strong>Acords<\/strong><\/p>\n<ol>\n<li>El Consell Escolar aprova l\u2019esborrany de l\u2019acta de la sessi\u00f3 anterior.<\/li>\n<li>S\u2019aprova per unanimitat la liquidaci\u00f3 dels comptes anuals de l\u2019any 2020 (Escola i Menjador).<\/li>\n<li>S\u2019aprova per unanimitat el pressupost per a l\u2019any 2021 (Escola i Menjador).<\/li>\n<li>S\u2019informa al Consell del nombre de preinscripcions per al curs 2021-2022 i es recorda que no es podran consultar les places obtingudes fins al 7 de juny. Les matr\u00edcules es formalitzaran del 14 al 18 de juny de 2021.<\/li>\n<li>S\u2019informa sobre el viatge de Final de Curs de 6\u00e8.\n<ul>\n<li>\n<ul>\n<li>Es fa un resum exposant les possibilitats actuals i s\u2019explica la decisi\u00f3 de pernoctar una sola nit i anar a PortAventura, tenint en compte la log\u00edstica, la minimitzaci\u00f3 de riscos i escoltats els desitjos de l\u2019alumnat.<\/li>\n<li>Es recorda que el viatge de Final de Curs estar\u00e0 sotm\u00e8s a possibles adequacions en funci\u00f3 de l\u2019evoluci\u00f3 de la pand\u00e8mia Covid-19.<\/li>\n<\/ul>\n<\/li>\n<\/ul>\n<\/li>\n<\/ol>\n","protected":false},"excerpt":{"rendered":"<p>Data: 23 de mar\u00e7 de 2021<br \/>\nHorari: 17:30<br \/>\nLloc: Reuni\u00f3 telem\u00e0tica<br \/>\nAcords<\/p>\n<ol>\n<li>El Consell Escolar aprova l\u2019esborrany de l\u2019acta de la sessi\u00f3 anterior.<\/li>\n<li>S\u2019aprova per unanimitat la liquidaci\u00f3 dels comptes anuals de l\u2019any 2020 (Escola i Menjador).<\/li>\n<li>S\u2019aprova per unanimitat el pressupost per a l\u2019any 2021 (Escola i Menjador).<\/li>\n<li>S\u2019informa al Consell&hellip;  <a href=\"https:\/\/agora.xtec.cat\/ceiptorreroja\/actes-consell-escolar\/acta-de-la-reunio-del-dia-23-de-marc-de-2021\/\" title=\"Read Acta de la reuni\u00f3 del dia 23 de mar\u00e7 de 2021\">Llegeix m\u00e9s\u00bb<\/a><br \/>\n","protected":false},"author":1,"featured_media":0,"comment_status":"open","ping_status":"closed","sticky":false,"template":"","format":"standard","meta":{"_bbp_topic_count":0,"_bbp_reply_count":0,"_bbp_total_topic_count":0,"_bbp_total_reply_count":0,"_bbp_voice_count":0,"_bbp_anonymous_reply_count":0,"_bbp_topic_count_hidden":0,"_bbp_reply_count_hidden":0,"_bbp_forum_subforum_count":0,"footnotes":""},"categories":[138],"tags":[],"class_list":["post-4074","post","type-post","status-publish","format-standard","hentry","category-actes-consell-escolar"],"post_mailing_queue_ids":[],"_links":{"self":[{"href":"https:\/\/agora.xtec.cat\/ceiptorreroja\/wp-json\/wp\/v2\/posts\/4074","targetHints":{"allow":["GET"]}}],"collection":[{"href":"https:\/\/agora.xtec.cat\/ceiptorreroja\/wp-json\/wp\/v2\/posts"}],"about":[{"href":"https:\/\/agora.xtec.cat\/ceiptorreroja\/wp-json\/wp\/v2\/types\/post"}],"author":[{"embeddable":true,"href":"https:\/\/agora.xtec.cat\/ceiptorreroja\/wp-json\/wp\/v2\/users\/1"}],"replies":[{"embeddable":true,"href":"https:\/\/agora.xtec.cat\/ceiptorreroja\/wp-json\/wp\/v2\/comments?post=4074"}],"version-history":[{"count":1,"href":"https:\/\/agora.xtec.cat\/ceiptorreroja\/wp-json\/wp\/v2\/posts\/4074\/revisions"}],"predecessor-version":[{"id":4075,"href":"https:\/\/agora.xtec.cat\/ceiptorreroja\/wp-json\/wp\/v2\/posts\/4074\/revisions\/4075"}],"wp:attachment":[{"href":"https:\/\/agora.xtec.cat\/ceiptorreroja\/wp-json\/wp\/v2\/media?parent=4074"}],"wp:term":[{"taxonomy":"category","embeddable":true,"href":"https:\/\/agora.xtec.cat\/ceiptorreroja\/wp-json\/wp\/v2\/categories?post=4074"},{"taxonomy":"post_tag","embeddable":true,"href":"https:\/\/agora.xtec.cat\/ceiptorreroja\/wp-json\/wp\/v2\/tags?post=4074"}],"curies":[{"name":"wp","href":"https:\/\/api.w.org\/{rel}","templated":true}]}}