{"id":4061,"date":"2022-05-19T14:51:39","date_gmt":"2022-05-19T12:51:39","guid":{"rendered":"https:\/\/agora.xtec.cat\/ceiptorreroja\/?p=4061"},"modified":"2022-05-19T15:05:09","modified_gmt":"2022-05-19T13:05:09","slug":"acta-del-dia-22-de-marc-de-2022","status":"publish","type":"post","link":"https:\/\/agora.xtec.cat\/ceiptorreroja\/actes-consell-escolar\/acta-del-dia-22-de-marc-de-2022\/","title":{"rendered":"Acta de la reuni\u00f3 del dia 22 de mar\u00e7 de 2022"},"content":{"rendered":"<p><strong>Data:<\/strong> 22 de mar\u00e7 de 2022<br \/>\n<strong>Hora:<\/strong> 16.45h<br \/>\n<strong>Lloc:<\/strong> Reuni\u00f3 presencial<\/p>\n<p><strong>Acords:<\/strong><\/p>\n<ol>\n<li>El Consell Escolar aprova l\u2019esborrany de l\u2019acta de la sessi\u00f3 anterior.<\/li>\n<li>S\u2019aprova per unanimitat la liquidaci\u00f3 dels comptes anuals de l\u2019any 2021 (Escola i Menjador).<\/li>\n<li>S\u2019aprova per unanimitat el pressupost per a l\u2019any 2022, elaborat amb data 31\/01\/2022.<\/li>\n<li>S\u2019aprova la proposta de creaci\u00f3 d\u2019una pla\u00e7a estructural de diversitat en l\u2019\u00e0mbit d\u2019educaci\u00f3 F\u00edsica.<\/li>\n<li>S\u2019informa al Consell del nombre de preinscripcions per al curs 2022-2023 i es recorda que la llista d\u2019admesos es far\u00e0 p\u00fablica el 10 de juny. Les matr\u00edcules es formalitzaran del 21 al 29 de juny de 2022.<\/li>\n<\/ol>\n","protected":false},"excerpt":{"rendered":"<p>Data: 22 de mar\u00e7 de 2022<br \/>\nHora: 16.45h<br \/>\nLloc: Reuni\u00f3 presencial<br \/>\nAcords:<\/p>\n<ol>\n<li>El Consell Escolar aprova l\u2019esborrany de l\u2019acta de la sessi\u00f3 anterior.<\/li>\n<li>S\u2019aprova per unanimitat la liquidaci\u00f3 dels comptes anuals de l\u2019any 2021 (Escola i Menjador).<\/li>\n<li>S\u2019aprova per unanimitat el pressupost per a l\u2019any 2022, elaborat amb data 31\/01\/2022.<\/li>\n<li>S\u2019aprova la&hellip;  <a href=\"https:\/\/agora.xtec.cat\/ceiptorreroja\/actes-consell-escolar\/acta-del-dia-22-de-marc-de-2022\/\" title=\"Read Acta de la reuni\u00f3 del dia 22 de mar\u00e7 de 2022\">Llegeix m\u00e9s\u00bb<\/a><br \/>\n","protected":false},"author":1,"featured_media":0,"comment_status":"closed","ping_status":"closed","sticky":false,"template":"","format":"standard","meta":{"_bbp_topic_count":0,"_bbp_reply_count":0,"_bbp_total_topic_count":0,"_bbp_total_reply_count":0,"_bbp_voice_count":0,"_bbp_anonymous_reply_count":0,"_bbp_topic_count_hidden":0,"_bbp_reply_count_hidden":0,"_bbp_forum_subforum_count":0,"footnotes":""},"categories":[138],"tags":[],"class_list":["post-4061","post","type-post","status-publish","format-standard","hentry","category-actes-consell-escolar"],"post_mailing_queue_ids":[],"_links":{"self":[{"href":"https:\/\/agora.xtec.cat\/ceiptorreroja\/wp-json\/wp\/v2\/posts\/4061","targetHints":{"allow":["GET"]}}],"collection":[{"href":"https:\/\/agora.xtec.cat\/ceiptorreroja\/wp-json\/wp\/v2\/posts"}],"about":[{"href":"https:\/\/agora.xtec.cat\/ceiptorreroja\/wp-json\/wp\/v2\/types\/post"}],"author":[{"embeddable":true,"href":"https:\/\/agora.xtec.cat\/ceiptorreroja\/wp-json\/wp\/v2\/users\/1"}],"replies":[{"embeddable":true,"href":"https:\/\/agora.xtec.cat\/ceiptorreroja\/wp-json\/wp\/v2\/comments?post=4061"}],"version-history":[{"count":3,"href":"https:\/\/agora.xtec.cat\/ceiptorreroja\/wp-json\/wp\/v2\/posts\/4061\/revisions"}],"predecessor-version":[{"id":4072,"href":"https:\/\/agora.xtec.cat\/ceiptorreroja\/wp-json\/wp\/v2\/posts\/4061\/revisions\/4072"}],"wp:attachment":[{"href":"https:\/\/agora.xtec.cat\/ceiptorreroja\/wp-json\/wp\/v2\/media?parent=4061"}],"wp:term":[{"taxonomy":"category","embeddable":true,"href":"https:\/\/agora.xtec.cat\/ceiptorreroja\/wp-json\/wp\/v2\/categories?post=4061"},{"taxonomy":"post_tag","embeddable":true,"href":"https:\/\/agora.xtec.cat\/ceiptorreroja\/wp-json\/wp\/v2\/tags?post=4061"}],"curies":[{"name":"wp","href":"https:\/\/api.w.org\/{rel}","templated":true}]}}