{"id":3915,"date":"2022-04-23T16:30:13","date_gmt":"2022-04-23T14:30:13","guid":{"rendered":"https:\/\/agora.xtec.cat\/ceiptorreroja\/?p=3915"},"modified":"2022-09-27T09:14:33","modified_gmt":"2022-09-27T07:14:33","slug":"sant-jordi-2022","status":"publish","type":"post","link":"https:\/\/agora.xtec.cat\/ceiptorreroja\/general\/sant-jordi-2022\/","title":{"rendered":"Sant Jordi 2022"},"content":{"rendered":"<p><a style=\"color: #2795b6;\" href=\"https:\/\/agora.xtec.cat\/ceiptorreroja\/wp-content\/uploads\/usu1673\/2022\/04\/Torre-amb-rosa-1.png\"><img loading=\"lazy\" decoding=\"async\" class=\"alignleft wp-image-3916 \" src=\"https:\/\/agora.xtec.cat\/ceiptorreroja\/wp-content\/uploads\/usu1673\/2022\/04\/Torre-amb-rosa-1.png\" alt=\"\" width=\"333\" height=\"235\" srcset=\"https:\/\/agora.xtec.cat\/ceiptorreroja\/wp-content\/uploads\/usu1673\/2022\/04\/Torre-amb-rosa-1.png 2000w, https:\/\/agora.xtec.cat\/ceiptorreroja\/wp-content\/uploads\/usu1673\/2022\/04\/Torre-amb-rosa-1-300x211.png 300w, https:\/\/agora.xtec.cat\/ceiptorreroja\/wp-content\/uploads\/usu1673\/2022\/04\/Torre-amb-rosa-1-1024x721.png 1024w, https:\/\/agora.xtec.cat\/ceiptorreroja\/wp-content\/uploads\/usu1673\/2022\/04\/Torre-amb-rosa-1-768x541.png 768w, https:\/\/agora.xtec.cat\/ceiptorreroja\/wp-content\/uploads\/usu1673\/2022\/04\/Torre-amb-rosa-1-1536x1082.png 1536w\" sizes=\"auto, (max-width: 333px) 100vw, 333px\" \/><\/a><strong>Ja tenim els guanyadors i guanyadores del Certamen de Poesia Joan Joan d&#8217;aquest any 2022!<\/strong><\/p>\n<p>Com \u00e9s tradici\u00f3 en el nostre centre, el Certamen de Poesia en el qual participen tots i totes les alumnes de 6\u00e8 s&#8217;emmarca en la Diada de Sant Jordi, una jornada festiva i liter\u00e0ria.<\/p>\n<p>Hi havia tantes poesies fant\u00e0stiques, que ens ha costat molt\u00edssim triar-ne nom\u00e9s tres. \u00c9s per aquest motiu, que aquest any hem donat 3 premis i un acc\u00e8ssit.<\/p>\n<p>Aqu\u00ed teniu els guanyadors. Llegiu les seves creacions, us agradaran molt!<\/p>\n<p>&nbsp;<\/p>\n<table style=\"border-collapse: collapse; width: 99.725%; height: 224px;\">\n<tbody>\n<tr style=\"height: 33px;\">\n<td style=\"width: 25%; height: 33px; background-color: #b8e3f5; text-align: center;\">\n<h4><strong><span style=\"text-decoration: underline; color: #000000;\">1r premi<\/span><\/strong><\/h4>\n<\/td>\n<td style=\"width: 25%; height: 33px; background-color: #edc5e4; text-align: center;\">\n<h4><strong><span style=\"text-decoration: underline; color: #000000;\">2n premi<\/span><\/strong><\/h4>\n<\/td>\n<td style=\"width: 25%; height: 33px; background-color: #c9f2b1; text-align: center;\">\n<h4><strong><span style=\"text-decoration: underline; color: #000000;\">3r premi<\/span><\/strong><\/h4>\n<\/td>\n<td style=\"width: 25%; height: 33px; background-color: #f2a7a7; text-align: center;\">\n<h4><strong><span style=\"text-decoration: underline; color: #000000;\">acc\u00e8ssit<\/span><\/strong><\/h4>\n<\/td>\n<\/tr>\n<tr style=\"height: 42px;\">\n<td style=\"width: 25%; height: 42px; background-color: #26b0f0; text-align: center;\">\n<h3><span style=\"color: #000000;\"><code><a style=\"color: #000000;\" href=\"https:\/\/agora.xtec.cat\/ceiptorreroja\/wp-content\/uploads\/usu1673\/2022\/04\/La\u0300via-Maria.pdf\" target=\"_blank\" rel=\"noopener\"><strong>L'\u00c0VIA<\/strong><\/a><\/code><\/span><\/h3>\n<\/td>\n<td style=\"width: 25%; height: 42px; background-color: #fa9bf7; text-align: center;\">\n<h3><span style=\"color: #000000;\"><code><a style=\"color: #000000;\" href=\"https:\/\/agora.xtec.cat\/ceiptorreroja\/wp-content\/uploads\/usu1673\/2022\/04\/La-vida-Life.pdf\" target=\"_blank\" rel=\"noopener\"><strong>LA VIDA<\/strong><\/a><\/code><\/span><\/h3>\n<\/td>\n<td style=\"width: 25%; height: 42px; background-color: #8bf76a; text-align: center;\">\n<h3><span style=\"color: #000000;\"><code><a style=\"color: #000000;\" href=\"https:\/\/agora.xtec.cat\/ceiptorreroja\/wp-content\/uploads\/usu1673\/2022\/04\/La-primavera.pdf\" target=\"_blank\" rel=\"noopener\"><strong>LA PRIMAVERA<\/strong><\/a><\/code><\/span><\/h3>\n<\/td>\n<td style=\"width: 25%; height: 42px; background-color: #f25a5a; text-align: center;\">\n<h3><span style=\"color: #000000;\"><code><a style=\"color: #000000;\" href=\"https:\/\/agora.xtec.cat\/ceiptorreroja\/wp-content\/uploads\/usu1673\/2022\/04\/El-Gat.pdf\" target=\"_blank\" rel=\"noopener\"><strong>EL GAT<\/strong><\/a><\/code><\/span><\/h3>\n<\/td>\n<\/tr>\n<tr style=\"height: 33px;\">\n<td style=\"width: 25%; height: 33px; background-color: #b8e3f5; text-align: center;\">\n<h5><span style=\"color: #000000;\"><em>Anna del Moral<\/em><\/span><\/h5>\n<\/td>\n<td style=\"width: 25%; height: 33px; background-color: #edc5e4; text-align: center;\">\n<h5><span style=\"color: #000000;\"><em>Jana Roca<\/em><\/span><\/h5>\n<\/td>\n<td style=\"width: 25%; height: 33px; background-color: #c9f2b1; text-align: center;\">\n<h5><span style=\"color: #000000;\"><em>Adriana Clavera<\/em><\/span><\/h5>\n<\/td>\n<td style=\"width: 25%; height: 33px; background-color: #ed9d9d; text-align: center;\">\n<h5><span style=\"color: #000000;\"><em>Ansu<\/em><em> Singhateh<\/em><\/span><\/h5>\n<\/td>\n<\/tr>\n<\/tbody>\n<\/table>\n<p>&nbsp;<\/p>\n<p>&nbsp;<\/p>\n","protected":false},"excerpt":{"rendered":"<p><a style=\"color: #2795b6;\" href=\"https:\/\/agora.xtec.cat\/ceiptorreroja\/wp-content\/uploads\/usu1673\/2022\/04\/Torre-amb-rosa-1.png\"><\/a>Ja tenim els guanyadors i guanyadores del Certamen de Poesia Joan Joan d&#8217;aquest any 2022!<br \/>\nCom \u00e9s tradici\u00f3 en el nostre centre, el Certamen de Poesia en el qual participen tots i totes les alumnes de 6\u00e8 s&#8217;emmarca en la Diada de Sant&hellip;  <a href=\"https:\/\/agora.xtec.cat\/ceiptorreroja\/general\/sant-jordi-2022\/\" title=\"Read Sant Jordi 2022\">Llegeix m\u00e9s\u00bb<\/a><\/p>\n","protected":false},"author":3,"featured_media":3916,"comment_status":"closed","ping_status":"closed","sticky":false,"template":"","format":"standard","meta":{"_bbp_topic_count":0,"_bbp_reply_count":0,"_bbp_total_topic_count":0,"_bbp_total_reply_count":0,"_bbp_voice_count":0,"_bbp_anonymous_reply_count":0,"_bbp_topic_count_hidden":0,"_bbp_reply_count_hidden":0,"_bbp_forum_subforum_count":0,"footnotes":""},"categories":[15,107,1,5],"tags":[109,68,108],"class_list":["post-3915","post","type-post","status-publish","format-standard","has-post-thumbnail","hentry","category-6e","category-cursos-anteriors","category-general","category-primaria","tag-certamen-poetic","tag-poesia","tag-sant-jordi"],"post_mailing_queue_ids":[],"_links":{"self":[{"href":"https:\/\/agora.xtec.cat\/ceiptorreroja\/wp-json\/wp\/v2\/posts\/3915","targetHints":{"allow":["GET"]}}],"collection":[{"href":"https:\/\/agora.xtec.cat\/ceiptorreroja\/wp-json\/wp\/v2\/posts"}],"about":[{"href":"https:\/\/agora.xtec.cat\/ceiptorreroja\/wp-json\/wp\/v2\/types\/post"}],"author":[{"embeddable":true,"href":"https:\/\/agora.xtec.cat\/ceiptorreroja\/wp-json\/wp\/v2\/users\/3"}],"replies":[{"embeddable":true,"href":"https:\/\/agora.xtec.cat\/ceiptorreroja\/wp-json\/wp\/v2\/comments?post=3915"}],"version-history":[{"count":4,"href":"https:\/\/agora.xtec.cat\/ceiptorreroja\/wp-json\/wp\/v2\/posts\/3915\/revisions"}],"predecessor-version":[{"id":3949,"href":"https:\/\/agora.xtec.cat\/ceiptorreroja\/wp-json\/wp\/v2\/posts\/3915\/revisions\/3949"}],"wp:featuredmedia":[{"embeddable":true,"href":"https:\/\/agora.xtec.cat\/ceiptorreroja\/wp-json\/wp\/v2\/media\/3916"}],"wp:attachment":[{"href":"https:\/\/agora.xtec.cat\/ceiptorreroja\/wp-json\/wp\/v2\/media?parent=3915"}],"wp:term":[{"taxonomy":"category","embeddable":true,"href":"https:\/\/agora.xtec.cat\/ceiptorreroja\/wp-json\/wp\/v2\/categories?post=3915"},{"taxonomy":"post_tag","embeddable":true,"href":"https:\/\/agora.xtec.cat\/ceiptorreroja\/wp-json\/wp\/v2\/tags?post=3915"}],"curies":[{"name":"wp","href":"https:\/\/api.w.org\/{rel}","templated":true}]}}