{"id":3817,"date":"2022-03-18T16:46:52","date_gmt":"2022-03-18T15:46:52","guid":{"rendered":"https:\/\/agora.xtec.cat\/ceiptorreroja\/?p=3817"},"modified":"2022-09-27T09:14:41","modified_gmt":"2022-09-27T07:14:41","slug":"no-volem-guerres","status":"publish","type":"post","link":"https:\/\/agora.xtec.cat\/ceiptorreroja\/general\/no-volem-guerres\/","title":{"rendered":"No volem guerres"},"content":{"rendered":"<p><img loading=\"lazy\" decoding=\"async\" class=\"aligncenter size-large wp-image-3814\" src=\"https:\/\/agora.xtec.cat\/ceiptorreroja\/wp-content\/uploads\/usu1673\/2022\/03\/PAU-web_page-0001-1024x724.jpg\" alt=\"\" width=\"1024\" height=\"724\" srcset=\"https:\/\/agora.xtec.cat\/ceiptorreroja\/wp-content\/uploads\/usu1673\/2022\/03\/PAU-web_page-0001-1024x724.jpg 1024w, https:\/\/agora.xtec.cat\/ceiptorreroja\/wp-content\/uploads\/usu1673\/2022\/03\/PAU-web_page-0001-300x212.jpg 300w, https:\/\/agora.xtec.cat\/ceiptorreroja\/wp-content\/uploads\/usu1673\/2022\/03\/PAU-web_page-0001-768x543.jpg 768w, https:\/\/agora.xtec.cat\/ceiptorreroja\/wp-content\/uploads\/usu1673\/2022\/03\/PAU-web_page-0001-1536x1085.jpg 1536w, https:\/\/agora.xtec.cat\/ceiptorreroja\/wp-content\/uploads\/usu1673\/2022\/03\/PAU-web_page-0001.jpg 1755w\" sizes=\"auto, (max-width: 1024px) 100vw, 1024px\" \/><\/p>\n<p><strong>Les escoles i els centres educatius han de constituir un espai de pau i di\u00e0leg en qu\u00e8\u00a0el nostre alumnat pugui expressar els seus dubtes i neguits, con\u00e8ixer les raons hist\u00f2riques i pol\u00edtiques del conflicte a l&#8217;est d&#8217;Europa i educar-se en els valors de la pau i la solidaritat<\/strong>.<\/p>\n<p>El Departament d&#8217;Educaci\u00f3 posa a disposici\u00f3 dels centres, recursos per facilitar el suport i l&#8217;acollida a l&#8217;alumnat i les fam\u00edlies que arriben a casa nostra, fugint de la guerra. Volem compartir alguns d&#8217;aquests recursos amb vosaltres en pro de la conviv\u00e8ncia i la cultura de la PAU\u00a0 <a href=\"https:\/\/agora.xtec.cat\/ceiptorreroja\/wp-content\/uploads\/usu1673\/2022\/03\/context.png\"><img loading=\"lazy\" decoding=\"async\" class=\" wp-image-3821 alignright\" src=\"https:\/\/agora.xtec.cat\/ceiptorreroja\/wp-content\/uploads\/usu1673\/2022\/03\/context-300x300.png\" alt=\"\" width=\"182\" height=\"182\" srcset=\"https:\/\/agora.xtec.cat\/ceiptorreroja\/wp-content\/uploads\/usu1673\/2022\/03\/context-300x300.png 300w, https:\/\/agora.xtec.cat\/ceiptorreroja\/wp-content\/uploads\/usu1673\/2022\/03\/context-150x150.png 150w, https:\/\/agora.xtec.cat\/ceiptorreroja\/wp-content\/uploads\/usu1673\/2022\/03\/context.png 400w\" sizes=\"auto, (max-width: 182px) 100vw, 182px\" \/><\/a><\/p>\n<ul>\n<li>V\u00eddeos del programa InfoK que expliquen el conflicte a Ucra\u00efna amb un llenguatge adaptat als infants:<\/li>\n<\/ul>\n<blockquote><p><a title=\"Ves a la p\u00e0gina\" href=\"https:\/\/www.ccma.cat\/tv3\/super3\/infok\/que-passa-entre-russia-i-ucraina\/video\/6140701\/\" target=\"_blank\" rel=\"noopener\">InfoK: Qu\u00e8 passa entre R\u00fassia i Ucra\u00efna?\u00a0<\/a>(3 min)<\/p>\n<p><a title=\"Ves a la p\u00e0gina\" href=\"https:\/\/www.ccma.cat\/tv3\/super3\/infok\/infok-03032022\/video\/6147083\/\" target=\"_blank\" rel=\"noopener\">InfoK: Especial guerra a Ucra\u00efna<\/a> (29 min)<\/p><\/blockquote>\n","protected":false},"excerpt":{"rendered":"<p>Les escoles i els centres educatius han de constituir un espai de pau i di\u00e0leg en qu\u00e8\u00a0el nostre alumnat pugui expressar els seus dubtes i neguits, con\u00e8ixer les raons hist\u00f2riques i pol\u00edtiques del conflicte a l&#8217;est d&#8217;Europa i educar-se en els valors de la pau&hellip;  <a href=\"https:\/\/agora.xtec.cat\/ceiptorreroja\/general\/no-volem-guerres\/\" title=\"Read No volem guerres\">Llegeix m\u00e9s\u00bb<\/a><\/p>\n","protected":false},"author":1,"featured_media":3814,"comment_status":"closed","ping_status":"closed","sticky":false,"template":"","format":"standard","meta":{"_bbp_topic_count":0,"_bbp_reply_count":0,"_bbp_total_topic_count":0,"_bbp_total_reply_count":0,"_bbp_voice_count":0,"_bbp_anonymous_reply_count":0,"_bbp_topic_count_hidden":0,"_bbp_reply_count_hidden":0,"_bbp_forum_subforum_count":0,"footnotes":""},"categories":[10,11,12,13,14,15,7,107,1,8,115,2,5],"tags":[76,134],"class_list":["post-3817","post","type-post","status-publish","format-standard","has-post-thumbnail","hentry","category-1r","category-2n","category-3r","category-4t","category-5e","category-6e","category-afa","category-cursos-anteriors","category-general","category-i3i4","category-i5","category-infantil","category-primaria","tag-escola","tag-pau"],"post_mailing_queue_ids":[],"_links":{"self":[{"href":"https:\/\/agora.xtec.cat\/ceiptorreroja\/wp-json\/wp\/v2\/posts\/3817","targetHints":{"allow":["GET"]}}],"collection":[{"href":"https:\/\/agora.xtec.cat\/ceiptorreroja\/wp-json\/wp\/v2\/posts"}],"about":[{"href":"https:\/\/agora.xtec.cat\/ceiptorreroja\/wp-json\/wp\/v2\/types\/post"}],"author":[{"embeddable":true,"href":"https:\/\/agora.xtec.cat\/ceiptorreroja\/wp-json\/wp\/v2\/users\/1"}],"replies":[{"embeddable":true,"href":"https:\/\/agora.xtec.cat\/ceiptorreroja\/wp-json\/wp\/v2\/comments?post=3817"}],"version-history":[{"count":5,"href":"https:\/\/agora.xtec.cat\/ceiptorreroja\/wp-json\/wp\/v2\/posts\/3817\/revisions"}],"predecessor-version":[{"id":3827,"href":"https:\/\/agora.xtec.cat\/ceiptorreroja\/wp-json\/wp\/v2\/posts\/3817\/revisions\/3827"}],"wp:featuredmedia":[{"embeddable":true,"href":"https:\/\/agora.xtec.cat\/ceiptorreroja\/wp-json\/wp\/v2\/media\/3814"}],"wp:attachment":[{"href":"https:\/\/agora.xtec.cat\/ceiptorreroja\/wp-json\/wp\/v2\/media?parent=3817"}],"wp:term":[{"taxonomy":"category","embeddable":true,"href":"https:\/\/agora.xtec.cat\/ceiptorreroja\/wp-json\/wp\/v2\/categories?post=3817"},{"taxonomy":"post_tag","embeddable":true,"href":"https:\/\/agora.xtec.cat\/ceiptorreroja\/wp-json\/wp\/v2\/tags?post=3817"}],"curies":[{"name":"wp","href":"https:\/\/api.w.org\/{rel}","templated":true}]}}