{"id":3567,"date":"2022-01-14T11:29:39","date_gmt":"2022-01-14T10:29:39","guid":{"rendered":"https:\/\/agora.xtec.cat\/ceiptorreroja\/?p=3567"},"modified":"2022-09-27T09:16:42","modified_gmt":"2022-09-27T07:16:42","slug":"nou-protocol-de-gestio-de-casos-covid-19-als-centres-educatius","status":"publish","type":"post","link":"https:\/\/agora.xtec.cat\/ceiptorreroja\/general\/nou-protocol-de-gestio-de-casos-covid-19-als-centres-educatius\/","title":{"rendered":"Nou protocol de gesti\u00f3 de casos Covid-19 als centres educatius"},"content":{"rendered":"<p>Us fem arribar diversos documents, que poden ser del vostre inter\u00e8s, relacionats amb el <strong>nou protocol de gesti\u00f3 de casos covid-19 als centres educatius<\/strong>. En el cas que es confirmi un cas positiu al grup estable del vostre fill o filla us avisarem des de l&#8217;escola. Agra\u00efm la vostra col\u00b7laboraci\u00f3.<\/p>\n<ul>\n<li><a href=\"https:\/\/educacio.gencat.cat\/web\/shared\/continguts_per_compartir\/ENS\/salut-escola\/documentacio\/escoles\/resum-protocol-gestio-casos-centres-educatius-2ntrim-2021-2022.pdf\" target=\"_blank\" rel=\"noopener\" data-saferedirecturl=\"https:\/\/www.google.com\/url?q=https:\/\/educacio.gencat.cat\/web\/shared\/continguts_per_compartir\/ENS\/salut-escola\/documentacio\/escoles\/resum-protocol-gestio-casos-centres-educatius-2ntrim-2021-2022.pdf&amp;source=gmail&amp;ust=1642233701915000&amp;usg=AOvVaw3gXYWn48csdOX9zo4P_PLI\">Resum del protocol de gesti\u00f3 de casos i contactes estrets<\/a><\/li>\n<li><a href=\"https:\/\/educacio.gencat.cat\/web\/shared\/continguts_per_compartir\/ENS\/salut-escola\/imatge-grafica\/gestio-quarantenes-tar-entorn-escolar.pdf\" target=\"_blank\" rel=\"noopener\" data-saferedirecturl=\"https:\/\/www.google.com\/url?q=https:\/\/educacio.gencat.cat\/web\/shared\/continguts_per_compartir\/ENS\/salut-escola\/imatge-grafica\/gestio-quarantenes-tar-entorn-escolar.pdf&amp;source=gmail&amp;ust=1642233701915000&amp;usg=AOvVaw2yHdtTWvIMEd2zMXCXJY7n\">Gesti\u00f3 de quarantenes i test antig\u00e8nic r\u00e0pid (TAR) en l&#8217;entorn escolar<\/a><\/li>\n<li><a href=\"https:\/\/educacio.gencat.cat\/web\/shared\/continguts_per_compartir\/ENS\/salut-escola\/imatge-grafica\/comunicacio-positiu-test-antigens.pdf\" target=\"_blank\" rel=\"noopener\" data-saferedirecturl=\"https:\/\/www.google.com\/url?q=https:\/\/educacio.gencat.cat\/web\/shared\/continguts_per_compartir\/ENS\/salut-escola\/imatge-grafica\/comunicacio-positiu-test-antigens.pdf&amp;source=gmail&amp;ust=1642233701915000&amp;usg=AOvVaw2-LZw6JwXU8PJi5UbgEW86\">Qu\u00e8 has de fer si dones positiu en un test d&#8217;ant\u00edgens (TAR)?<\/a><\/li>\n<\/ul>\n<p>Tamb\u00e9 teniu a la vostra disposici\u00f3 el web <strong><a href=\"https:\/\/educacio.gencat.cat\/ca\/actualitat\/escolasegura\/\" target=\"_blank\" rel=\"noopener\">ESCOLA SEGURA<\/a><\/strong>, aquest web permet accedir a tota la informaci\u00f3 sobre les actuacions que es duen a terme en l&#8217;\u00e0mbit educatiu en el context de pand\u00e8mia. Tamb\u00e9 s&#8217;informa de les mesures i decisions que es prenen en cada moment i que afecten, d&#8217;una manera o una altra, el desenvolupament de les activitats escolars.<\/p>\n","protected":false},"excerpt":{"rendered":"<p>Us fem arribar diversos documents, que poden ser del vostre inter\u00e8s, relacionats amb el nou protocol de gesti\u00f3 de casos covid-19 als centres educatius. En el cas que es confirmi un cas positiu al grup estable del vostre fill o filla us avisarem des de&hellip;  <a href=\"https:\/\/agora.xtec.cat\/ceiptorreroja\/general\/nou-protocol-de-gestio-de-casos-covid-19-als-centres-educatius\/\" title=\"Read Nou protocol de gesti\u00f3 de casos Covid-19 als centres educatius\">Llegeix m\u00e9s\u00bb<\/a><\/p>\n","protected":false},"author":1,"featured_media":3569,"comment_status":"closed","ping_status":"closed","sticky":false,"template":"","format":"standard","meta":{"_bbp_topic_count":0,"_bbp_reply_count":0,"_bbp_total_topic_count":0,"_bbp_total_reply_count":0,"_bbp_voice_count":0,"_bbp_anonymous_reply_count":0,"_bbp_topic_count_hidden":0,"_bbp_reply_count_hidden":0,"_bbp_forum_subforum_count":0,"footnotes":""},"categories":[107,1],"tags":[101],"class_list":["post-3567","post","type-post","status-publish","format-standard","has-post-thumbnail","hentry","category-cursos-anteriors","category-general","tag-salut"],"post_mailing_queue_ids":[],"_links":{"self":[{"href":"https:\/\/agora.xtec.cat\/ceiptorreroja\/wp-json\/wp\/v2\/posts\/3567","targetHints":{"allow":["GET"]}}],"collection":[{"href":"https:\/\/agora.xtec.cat\/ceiptorreroja\/wp-json\/wp\/v2\/posts"}],"about":[{"href":"https:\/\/agora.xtec.cat\/ceiptorreroja\/wp-json\/wp\/v2\/types\/post"}],"author":[{"embeddable":true,"href":"https:\/\/agora.xtec.cat\/ceiptorreroja\/wp-json\/wp\/v2\/users\/1"}],"replies":[{"embeddable":true,"href":"https:\/\/agora.xtec.cat\/ceiptorreroja\/wp-json\/wp\/v2\/comments?post=3567"}],"version-history":[{"count":3,"href":"https:\/\/agora.xtec.cat\/ceiptorreroja\/wp-json\/wp\/v2\/posts\/3567\/revisions"}],"predecessor-version":[{"id":3574,"href":"https:\/\/agora.xtec.cat\/ceiptorreroja\/wp-json\/wp\/v2\/posts\/3567\/revisions\/3574"}],"wp:featuredmedia":[{"embeddable":true,"href":"https:\/\/agora.xtec.cat\/ceiptorreroja\/wp-json\/wp\/v2\/media\/3569"}],"wp:attachment":[{"href":"https:\/\/agora.xtec.cat\/ceiptorreroja\/wp-json\/wp\/v2\/media?parent=3567"}],"wp:term":[{"taxonomy":"category","embeddable":true,"href":"https:\/\/agora.xtec.cat\/ceiptorreroja\/wp-json\/wp\/v2\/categories?post=3567"},{"taxonomy":"post_tag","embeddable":true,"href":"https:\/\/agora.xtec.cat\/ceiptorreroja\/wp-json\/wp\/v2\/tags?post=3567"}],"curies":[{"name":"wp","href":"https:\/\/api.w.org\/{rel}","templated":true}]}}