{"id":3473,"date":"2021-12-16T08:19:08","date_gmt":"2021-12-16T07:19:08","guid":{"rendered":"https:\/\/agora.xtec.cat\/ceiptorreroja\/?p=3473"},"modified":"2022-09-27T09:13:35","modified_gmt":"2022-09-27T07:13:35","slug":"ja-es-nadal-a-lescola","status":"publish","type":"post","link":"https:\/\/agora.xtec.cat\/ceiptorreroja\/general\/ja-es-nadal-a-lescola\/","title":{"rendered":"Ja \u00e9s Nadal a l&#8217;escola"},"content":{"rendered":"<p>\u2728 Per celebrar les festes de <strong>Nadal<\/strong>, tot l&#8217;alumnat ha participat en la confecci\u00f3 de dos pessebres. Han decorat l&#8217;escola i han dibuixat el mural dels reis&#8230;<\/p>\n<p>Tamb\u00e9 tenim un ti\u00f3 que menja d&#8217;all\u00f2 m\u00e9s!<\/p>\n<p><a href=\"https:\/\/agora.xtec.cat\/ceiptorreroja\/wp-content\/uploads\/usu1673\/2021\/12\/pessebre2petita-1-scaled.jpg\"><img loading=\"lazy\" decoding=\"async\" class=\"alignnone wp-image-3475 \" src=\"https:\/\/agora.xtec.cat\/ceiptorreroja\/wp-content\/uploads\/usu1673\/2021\/12\/pessebre2petita-1-scaled.jpg\" alt=\"\" width=\"534\" height=\"173\" srcset=\"https:\/\/agora.xtec.cat\/ceiptorreroja\/wp-content\/uploads\/usu1673\/2021\/12\/pessebre2petita-1-scaled.jpg 2560w, https:\/\/agora.xtec.cat\/ceiptorreroja\/wp-content\/uploads\/usu1673\/2021\/12\/pessebre2petita-1-300x97.jpg 300w, https:\/\/agora.xtec.cat\/ceiptorreroja\/wp-content\/uploads\/usu1673\/2021\/12\/pessebre2petita-1-1024x331.jpg 1024w, https:\/\/agora.xtec.cat\/ceiptorreroja\/wp-content\/uploads\/usu1673\/2021\/12\/pessebre2petita-1-768x248.jpg 768w, https:\/\/agora.xtec.cat\/ceiptorreroja\/wp-content\/uploads\/usu1673\/2021\/12\/pessebre2petita-1-1536x496.jpg 1536w, https:\/\/agora.xtec.cat\/ceiptorreroja\/wp-content\/uploads\/usu1673\/2021\/12\/pessebre2petita-1-2048x661.jpg 2048w\" sizes=\"auto, (max-width: 534px) 100vw, 534px\" \/><\/a>\u00a0 <a href=\"https:\/\/agora.xtec.cat\/ceiptorreroja\/wp-content\/uploads\/usu1673\/2021\/12\/IMG-4948petita.jpg\"><img loading=\"lazy\" decoding=\"async\" class=\"alignnone wp-image-3481\" src=\"https:\/\/agora.xtec.cat\/ceiptorreroja\/wp-content\/uploads\/usu1673\/2021\/12\/IMG-4948petita.jpg\" alt=\"\" width=\"163\" height=\"197\" \/><\/a><\/p>\n<p><a href=\"https:\/\/agora.xtec.cat\/ceiptorreroja\/wp-content\/uploads\/usu1673\/2021\/12\/IMG-4956-scaled.jpg\"><img loading=\"lazy\" decoding=\"async\" class=\"alignnone wp-image-3487\" src=\"https:\/\/agora.xtec.cat\/ceiptorreroja\/wp-content\/uploads\/usu1673\/2021\/12\/IMG-4956-scaled.jpg\" alt=\"\" width=\"374\" height=\"195\" srcset=\"https:\/\/agora.xtec.cat\/ceiptorreroja\/wp-content\/uploads\/usu1673\/2021\/12\/IMG-4956-scaled.jpg 2560w, https:\/\/agora.xtec.cat\/ceiptorreroja\/wp-content\/uploads\/usu1673\/2021\/12\/IMG-4956-300x157.jpg 300w, https:\/\/agora.xtec.cat\/ceiptorreroja\/wp-content\/uploads\/usu1673\/2021\/12\/IMG-4956-1024x534.jpg 1024w, https:\/\/agora.xtec.cat\/ceiptorreroja\/wp-content\/uploads\/usu1673\/2021\/12\/IMG-4956-768x401.jpg 768w, https:\/\/agora.xtec.cat\/ceiptorreroja\/wp-content\/uploads\/usu1673\/2021\/12\/IMG-4956-1536x801.jpg 1536w, https:\/\/agora.xtec.cat\/ceiptorreroja\/wp-content\/uploads\/usu1673\/2021\/12\/IMG-4956-2048x1068.jpg 2048w\" sizes=\"auto, (max-width: 374px) 100vw, 374px\" \/><\/a>\u00a0 \u00a0 <a href=\"https:\/\/agora.xtec.cat\/ceiptorreroja\/wp-content\/uploads\/usu1673\/2021\/12\/IMG-4955-scaled.jpg\"><img loading=\"lazy\" decoding=\"async\" class=\"alignnone wp-image-3486\" src=\"https:\/\/agora.xtec.cat\/ceiptorreroja\/wp-content\/uploads\/usu1673\/2021\/12\/IMG-4955-scaled.jpg\" alt=\"\" width=\"312\" height=\"164\" srcset=\"https:\/\/agora.xtec.cat\/ceiptorreroja\/wp-content\/uploads\/usu1673\/2021\/12\/IMG-4955-scaled.jpg 2560w, https:\/\/agora.xtec.cat\/ceiptorreroja\/wp-content\/uploads\/usu1673\/2021\/12\/IMG-4955-300x158.jpg 300w, https:\/\/agora.xtec.cat\/ceiptorreroja\/wp-content\/uploads\/usu1673\/2021\/12\/IMG-4955-1024x538.jpg 1024w, https:\/\/agora.xtec.cat\/ceiptorreroja\/wp-content\/uploads\/usu1673\/2021\/12\/IMG-4955-768x403.jpg 768w, https:\/\/agora.xtec.cat\/ceiptorreroja\/wp-content\/uploads\/usu1673\/2021\/12\/IMG-4955-1536x806.jpg 1536w, https:\/\/agora.xtec.cat\/ceiptorreroja\/wp-content\/uploads\/usu1673\/2021\/12\/IMG-4955-2048x1075.jpg 2048w\" sizes=\"auto, (max-width: 312px) 100vw, 312px\" \/><\/a><\/p>\n","protected":false},"excerpt":{"rendered":"<p>\u2728 Per celebrar les festes de Nadal, tot l&#8217;alumnat ha participat en la confecci\u00f3 de dos pessebres. Han decorat l&#8217;escola i han dibuixat el mural dels reis&#8230;<br \/>\nTamb\u00e9 tenim un ti\u00f3 que menja d&#8217;all\u00f2 m\u00e9s!<br \/>\n<a href=\"https:\/\/agora.xtec.cat\/ceiptorreroja\/wp-content\/uploads\/usu1673\/2021\/12\/pessebre2petita-1-scaled.jpg\"><\/a>\u00a0 <a href=\"https:\/\/agora.xtec.cat\/ceiptorreroja\/wp-content\/uploads\/usu1673\/2021\/12\/IMG-4948petita.jpg\"><\/a><br \/>\n<a href=\"https:\/\/agora.xtec.cat\/ceiptorreroja\/wp-content\/uploads\/usu1673\/2021\/12\/IMG-4956-scaled.jpg\"><\/a>\u00a0 \u00a0 <a href=\"https:\/\/agora.xtec.cat\/ceiptorreroja\/wp-content\/uploads\/usu1673\/2021\/12\/IMG-4955-scaled.jpg\"><\/a><\/p>\n","protected":false},"author":1,"featured_media":3481,"comment_status":"closed","ping_status":"closed","sticky":false,"template":"","format":"standard","meta":{"_bbp_topic_count":0,"_bbp_reply_count":0,"_bbp_total_topic_count":0,"_bbp_total_reply_count":0,"_bbp_voice_count":0,"_bbp_anonymous_reply_count":0,"_bbp_topic_count_hidden":0,"_bbp_reply_count_hidden":0,"_bbp_forum_subforum_count":0,"footnotes":""},"categories":[107,1],"tags":[116,97,120,121],"class_list":["post-3473","post","type-post","status-publish","format-standard","has-post-thumbnail","hentry","category-cursos-anteriors","category-general","tag-festes","tag-nadal","tag-pessebre","tag-tio"],"post_mailing_queue_ids":[],"_links":{"self":[{"href":"https:\/\/agora.xtec.cat\/ceiptorreroja\/wp-json\/wp\/v2\/posts\/3473","targetHints":{"allow":["GET"]}}],"collection":[{"href":"https:\/\/agora.xtec.cat\/ceiptorreroja\/wp-json\/wp\/v2\/posts"}],"about":[{"href":"https:\/\/agora.xtec.cat\/ceiptorreroja\/wp-json\/wp\/v2\/types\/post"}],"author":[{"embeddable":true,"href":"https:\/\/agora.xtec.cat\/ceiptorreroja\/wp-json\/wp\/v2\/users\/1"}],"replies":[{"embeddable":true,"href":"https:\/\/agora.xtec.cat\/ceiptorreroja\/wp-json\/wp\/v2\/comments?post=3473"}],"version-history":[{"count":3,"href":"https:\/\/agora.xtec.cat\/ceiptorreroja\/wp-json\/wp\/v2\/posts\/3473\/revisions"}],"predecessor-version":[{"id":3497,"href":"https:\/\/agora.xtec.cat\/ceiptorreroja\/wp-json\/wp\/v2\/posts\/3473\/revisions\/3497"}],"wp:featuredmedia":[{"embeddable":true,"href":"https:\/\/agora.xtec.cat\/ceiptorreroja\/wp-json\/wp\/v2\/media\/3481"}],"wp:attachment":[{"href":"https:\/\/agora.xtec.cat\/ceiptorreroja\/wp-json\/wp\/v2\/media?parent=3473"}],"wp:term":[{"taxonomy":"category","embeddable":true,"href":"https:\/\/agora.xtec.cat\/ceiptorreroja\/wp-json\/wp\/v2\/categories?post=3473"},{"taxonomy":"post_tag","embeddable":true,"href":"https:\/\/agora.xtec.cat\/ceiptorreroja\/wp-json\/wp\/v2\/tags?post=3473"}],"curies":[{"name":"wp","href":"https:\/\/api.w.org\/{rel}","templated":true}]}}